{"id":101472,"date":"2026-09-04T16:57:06","date_gmt":"2026-09-04T14:57:06","guid":{"rendered":"https:\/\/jugulajm.net\/?p=101472"},"modified":"2026-09-04T17:03:07","modified_gmt":"2026-09-04T15:03:07","slug":"video-sherri-i-biznesmeneve-ne-radhime-reagon-rama-toka-e-tyre-ne-palase-do-ta-shpronesojme-dhe-do-mbillet-me-ullinj","status":"publish","type":"post","link":"https:\/\/jugulajm.net\/?p=101472","title":{"rendered":"VIDEO\/ Sherri i biznesmen\u00ebve n\u00eb Radhim\u00eb, reagon Rama: Tok\u00ebn e tyre n\u00eb Palas\u00eb do ta shpron\u00ebsojme dhe do ta kthejm\u00eb n\u00eb aset publik"},"content":{"rendered":"<p>Kryeministri Edi Rama ka dal\u00eb me nj\u00eb video-mesazh pasditen e k\u00ebsaj t\u00eb premte, duke reaguar p\u00ebr her\u00eb t\u00eb par\u00eb p\u00ebr konfliktin e dhunsh\u00ebm q\u00eb ndodhi dje n\u00eb Radhim\u00eb mes biznesmen\u00ebve Luan Mu\u00e7a dhe Vasil Bedinaj.<\/p>\n<p>Duke ju drejtuar qytetar\u00ebve, Edi Rama theksoi se d\u00ebmi q\u00eb konflikti i tyre, mes turist\u00ebve dhe pushuesve t\u00eb Radhim\u00ebs, \u00ebsht\u00eb n\u00eb d\u00ebm t\u00eb vizionit p\u00ebr Shqip\u00ebrin\u00eb turistike.<\/p>\n<p>Kryeministri paralajm\u00ebroi se qeveria ka vendosur q\u00eb parcela n\u00eb Palas\u00eb p\u00ebr t\u00eb cil\u00ebn dy biznesmen\u00ebt jan\u00eb n\u00eb konflikt, do t\u00eb shpron\u00ebsohet nga shteti dhe atje do t\u00eb mbillen ullinj, p\u00ebr ta shnd\u00ebrruar n\u00eb nj\u00eb hap\u00ebsir\u00eb \u00e7lodh\u00ebse publike.<\/p>\n<p><em>&#8220;Ne kemi vendosur ta shpron\u00ebsojm\u00eb, ta shpron\u00ebsojm\u00eb p\u00ebr interes publik t\u00eb gjith\u00eb zon\u00ebn e atij konflikti banal dhe brutal t\u00eb dit\u00ebs s\u00eb djeshme. Dhe sipas ligjit, ta kthejm\u00eb n\u00eb nj\u00eb aset publik dhe turistik p\u00ebr t\u00eb gjith\u00eb, nj\u00eb oaz natyror p\u00ebr pem\u00ebn e bekuar t\u00eb ullirit.<\/em><\/p>\n<p><em>Nj\u00eb park i gjall\u00eb ku do t\u00eb mbillen dhe do t\u00eb ruhen varietetet autoktone shqiptare, dhe ato m\u00eb p\u00ebrfaq\u00ebsuese t\u00eb Mesdheut, si edhe do t\u00eb ekspozohen t\u00ebr\u00eb vajrat e ullirit q\u00eb prodhohen n\u00eb Shqip\u00ebri&#8221;,<\/em>\u00a0shprehet nd\u00ebr t\u00eb tjera kryeministri Edi Rama.<\/p>\n<p>Qejfmbetur p\u00ebr p\u00ebrplasjen e biznesmen\u00ebve dhe p\u00ebr t&#8217;i dh\u00ebn\u00eb nj\u00eb mesazh t\u00eb qart\u00eb t\u00eb gjith\u00eb atyre q\u00eb zhvillojn\u00eb apo menaxhojn\u00eb asete turistike, kryeministri tha se ata nuk mund t\u00eb c\u00ebnojn\u00eb at\u00eb q\u00eb \u00ebsht\u00eb nj\u00eb mision i madh komb\u00ebtar: Shqip\u00ebrin\u00eb turistike.<\/p>\n<p><em>&#8220;Nj\u00eb tok\u00eb q\u00eb i ndau me dhun\u00eb dy investitor\u00eb fqinj duke p\u00ebshtirosur t\u00ebr\u00eb Shqip\u00ebrin\u00eb, do kthehet n\u00eb nj\u00eb hap\u00ebsir\u00eb q\u00eb i bashkon t\u00eb gjith\u00eb, n\u00eb nj\u00eb territor paqe, n\u00ebn hijen dhe bekimin e pem\u00ebs s\u00eb paqes, pem\u00ebs s\u00eb bekuar t\u00eb ullirit&#8221;,<\/em>\u00a0vijoi m\u00eb tej Rama.<\/p>\n<div>\n<div class=\"kodiim\" data-mce-contenteditable=\"false\"><iframe loading=\"lazy\" src=\"https:\/\/www.facebook.com\/plugins\/video.php?height=476&amp;href=https%3A%2F%2Fwww.facebook.com%2Freel%2F1094534256335695%2F&amp;show_text=false&amp;width=267&amp;t=0\" width=\"267\" height=\"476\" frameborder=\"0\" scrolling=\"no\" allowfullscreen=\"allowfullscreen\" data-mce-fragment=\"1\"><\/iframe><\/div>\n<\/div>\n","protected":false},"excerpt":{"rendered":"<p>Kryeministri Edi Rama ka dal\u00eb me nj\u00eb video-mesazh pasditen e k\u00ebsaj t\u00eb premte, duke reaguar p\u00ebr her\u00eb t\u00eb par\u00eb p\u00ebr konfliktin e dhunsh\u00ebm q\u00eb ndodhi dje n\u00eb Radhim\u00eb mes biznesmen\u00ebve Luan Mu\u00e7a dhe Vasil Bedinaj. Duke ju drejtuar qytetar\u00ebve, Edi Rama theksoi se d\u00ebmi q\u00eb konflikti i tyre, mes turist\u00ebve dhe pushuesve t\u00eb Radhim\u00ebs, \u00ebsht\u00eb [&hellip;]<\/p>\n","protected":false},"author":5,"featured_media":86273,"comment_status":"closed","ping_status":"closed","sticky":false,"template":"","format":"standard","meta":{"footnotes":""},"categories":[1,6332],"tags":[20432,43004,43006,43002,43005],"class_list":{"0":"post-101472","1":"post","2":"type-post","3":"status-publish","4":"format-standard","5":"has-post-thumbnail","7":"category-aktualitet","8":"category-te-fundit","9":"tag-edi-rama","10":"tag-luan-muca","11":"tag-reagon-rama-token-e-tyre-ne-palase-do-ta-shpronesojme-dhe-do-ta-kthejme-ne-aset-publik","12":"tag-sherri-i-biznesmeneve-ne-radhime","13":"tag-vasil-bedinaj"},"_links":{"self":[{"href":"https:\/\/jugulajm.net\/index.php?rest_route=\/wp\/v2\/posts\/101472","targetHints":{"allow":["GET"]}}],"collection":[{"href":"https:\/\/jugulajm.net\/index.php?rest_route=\/wp\/v2\/posts"}],"about":[{"href":"https:\/\/jugulajm.net\/index.php?rest_route=\/wp\/v2\/types\/post"}],"author":[{"embeddable":true,"href":"https:\/\/jugulajm.net\/index.php?rest_route=\/wp\/v2\/users\/5"}],"replies":[{"embeddable":true,"href":"https:\/\/jugulajm.net\/index.php?rest_route=%2Fwp%2Fv2%2Fcomments&post=101472"}],"version-history":[{"count":4,"href":"https:\/\/jugulajm.net\/index.php?rest_route=\/wp\/v2\/posts\/101472\/revisions"}],"predecessor-version":[{"id":101476,"href":"https:\/\/jugulajm.net\/index.php?rest_route=\/wp\/v2\/posts\/101472\/revisions\/101476"}],"wp:featuredmedia":[{"embeddable":true,"href":"https:\/\/jugulajm.net\/index.php?rest_route=\/wp\/v2\/media\/86273"}],"wp:attachment":[{"href":"https:\/\/jugulajm.net\/index.php?rest_route=%2Fwp%2Fv2%2Fmedia&parent=101472"}],"wp:term":[{"taxonomy":"category","embeddable":true,"href":"https:\/\/jugulajm.net\/index.php?rest_route=%2Fwp%2Fv2%2Fcategories&post=101472"},{"taxonomy":"post_tag","embeddable":true,"href":"https:\/\/jugulajm.net\/index.php?rest_route=%2Fwp%2Fv2%2Ftags&post=101472"}],"curies":[{"name":"wp","href":"https:\/\/api.w.org\/{rel}","templated":true}]}}