{"id":101469,"date":"2026-09-04T16:15:56","date_gmt":"2026-09-04T14:15:56","guid":{"rendered":"https:\/\/jugulajm.net\/?p=101469"},"modified":"2026-09-04T16:15:56","modified_gmt":"2026-09-04T14:15:56","slug":"emrat-gjykata-liron-14-protestuesit-qe-u-ndaluan-pas-rrethimit-te-kryeministrise","status":"publish","type":"post","link":"https:\/\/jugulajm.net\/?p=101469","title":{"rendered":"EMRAT\/ Gjykata liron 14 protestuesit q\u00eb u ndaluan pas rrethimit t\u00eb kryeministris\u00eb"},"content":{"rendered":"<p class=\"wp-block-paragraph\">Gjykata e Tiran\u00ebs ka l\u00ebn\u00eb t\u00eb lir\u00eb protestuesit q\u00eb u arrestuan disa dit\u00eb m\u00eb par\u00eb, pas rrethimit t\u00eb kryeministris\u00eb. Gjykata e ka cil\u00ebsuar arrestimin t\u00eb paligjsh\u00ebm, duke i l\u00ebn\u00eb t\u00eb gjith\u00eb aktivist\u00ebt t\u00eb lir\u00eb.<\/p>\n<p class=\"wp-block-paragraph\">Emrat e 14 qytetar\u00ebve q\u00eb u arrestuan n\u00eb m\u00ebnyr\u00eb t\u00eb paligjshme, sipas Gjykat\u00ebs s\u00eb Tiran\u00ebs<\/p>\n<p class=\"wp-block-paragraph\">Dritan Goxhaj<\/p>\n<p class=\"wp-block-paragraph\">Junik Matoshi<\/p>\n<p class=\"wp-block-paragraph\">Edison Lika<\/p>\n<p class=\"wp-block-paragraph\">Erlind Almeta<\/p>\n<p class=\"wp-block-paragraph\">Sokol Bushi<\/p>\n<p class=\"wp-block-paragraph\">Lulzim Gjini<\/p>\n<p class=\"wp-block-paragraph\">Valtion Shameti<\/p>\n<p class=\"wp-block-paragraph\">Florian Manarkolli<\/p>\n<p class=\"wp-block-paragraph\">Desiderjo Alimucaj<\/p>\n<p class=\"wp-block-paragraph\">Bora Mitrovica<\/p>\n<p class=\"wp-block-paragraph\">Arvina Lleshi<\/p>\n<p class=\"wp-block-paragraph\">Ylli Brahaj<\/p>\n<p class=\"wp-block-paragraph\">Arben Kola<\/p>\n<p class=\"wp-block-paragraph\">Aumiraldi Dalliu.<\/p>\n","protected":false},"excerpt":{"rendered":"<p>Gjykata e Tiran\u00ebs ka l\u00ebn\u00eb t\u00eb lir\u00eb protestuesit q\u00eb u arrestuan disa dit\u00eb m\u00eb par\u00eb, pas rrethimit t\u00eb kryeministris\u00eb. Gjykata e ka cil\u00ebsuar arrestimin t\u00eb paligjsh\u00ebm, duke i l\u00ebn\u00eb t\u00eb gjith\u00eb aktivist\u00ebt t\u00eb lir\u00eb. Emrat e 14 qytetar\u00ebve q\u00eb u arrestuan n\u00eb m\u00ebnyr\u00eb t\u00eb paligjshme, sipas Gjykat\u00ebs s\u00eb Tiran\u00ebs Dritan Goxhaj Junik Matoshi Edison Lika [&hellip;]<\/p>\n","protected":false},"author":5,"featured_media":101470,"comment_status":"closed","ping_status":"closed","sticky":false,"template":"","format":"standard","meta":{"footnotes":""},"categories":[1,6332],"tags":[43001],"class_list":{"0":"post-101469","1":"post","2":"type-post","3":"status-publish","4":"format-standard","5":"has-post-thumbnail","7":"category-aktualitet","8":"category-te-fundit","9":"tag-emrat-gjykata-liron-14-protestuesit-qe-u-ndaluan-pas-rrethimit-te-kryeministrise"},"_links":{"self":[{"href":"https:\/\/jugulajm.net\/index.php?rest_route=\/wp\/v2\/posts\/101469","targetHints":{"allow":["GET"]}}],"collection":[{"href":"https:\/\/jugulajm.net\/index.php?rest_route=\/wp\/v2\/posts"}],"about":[{"href":"https:\/\/jugulajm.net\/index.php?rest_route=\/wp\/v2\/types\/post"}],"author":[{"embeddable":true,"href":"https:\/\/jugulajm.net\/index.php?rest_route=\/wp\/v2\/users\/5"}],"replies":[{"embeddable":true,"href":"https:\/\/jugulajm.net\/index.php?rest_route=%2Fwp%2Fv2%2Fcomments&post=101469"}],"version-history":[{"count":1,"href":"https:\/\/jugulajm.net\/index.php?rest_route=\/wp\/v2\/posts\/101469\/revisions"}],"predecessor-version":[{"id":101471,"href":"https:\/\/jugulajm.net\/index.php?rest_route=\/wp\/v2\/posts\/101469\/revisions\/101471"}],"wp:featuredmedia":[{"embeddable":true,"href":"https:\/\/jugulajm.net\/index.php?rest_route=\/wp\/v2\/media\/101470"}],"wp:attachment":[{"href":"https:\/\/jugulajm.net\/index.php?rest_route=%2Fwp%2Fv2%2Fmedia&parent=101469"}],"wp:term":[{"taxonomy":"category","embeddable":true,"href":"https:\/\/jugulajm.net\/index.php?rest_route=%2Fwp%2Fv2%2Fcategories&post=101469"},{"taxonomy":"post_tag","embeddable":true,"href":"https:\/\/jugulajm.net\/index.php?rest_route=%2Fwp%2Fv2%2Ftags&post=101469"}],"curies":[{"name":"wp","href":"https:\/\/api.w.org\/{rel}","templated":true}]}}