{"id":101463,"date":"2026-09-04T14:21:58","date_gmt":"2026-09-04T12:21:58","guid":{"rendered":"https:\/\/jugulajm.net\/?p=101463"},"modified":"2026-09-04T14:23:27","modified_gmt":"2026-09-04T12:23:27","slug":"konflikti-mes-biznesmeneve-ne-vlore-reagon-drejtori-i-pergjithshem-i-policise-hita","status":"publish","type":"post","link":"https:\/\/jugulajm.net\/?p=101463","title":{"rendered":"Konflikti mes biznesmen\u00ebve n\u00eb Vlor\u00eb, reagon Drejtori i P\u00ebrgjithsh\u00ebm i Policis\u00eb, Sk\u00ebnder Hita"},"content":{"rendered":"<div class=\"firstP\">\n<p>Drejtori i P\u00ebrgjithsh\u00ebm i Policis\u00eb s\u00eb Shtetit, Sk\u00ebnder Hita dhe ministri i Brendsh\u00ebm, Besfort Lamallari, kan\u00eb reaguar nga Kuk\u00ebsi n\u00eb lidhje me ngjarjen e konfliktit t\u00eb dy biznesmen\u00ebve n\u00eb Vlor\u00eb.<\/p>\n<div class=\"clearfix\">Drejtori i P\u00ebrgjithsh\u00ebm i Policis\u00eb s\u00eb Shtetit, Sk\u00ebnder Hita, tha: <em>\u201cNgjarja e Vlor\u00ebs ishte nj\u00eb ngjarje q\u00eb, n\u00eb marrjen e njoftimit n\u00eb momentin e par\u00eb, u angazhuan shum\u00eb shpejt forcat policore. U b\u00eb i mundur ndalimi dhe kapja n\u00eb flagranc\u00eb e disa prej autor\u00ebve, t\u00eb cil\u00ebt u vun\u00eb menj\u00ebher\u00eb n\u00eb mas\u00ebn e arrestit n\u00eb flagranc\u00eb.<\/em><\/div>\n<\/div>\n<p><em>Vazhdoi hetimi p\u00ebr or\u00eb t\u00eb t\u00ebra dhe, edhe n\u00eb k\u00ebto momente q\u00eb jemi s\u00eb bashku, vazhdojn\u00eb veprimet procedurale, edhe n\u00eb bashk\u00ebpunim me prokurorin\u00eb.<\/em><\/p>\n<div class=\"adGroupWrapper\">\n<div class=\"adGroupWrapperInner\" data-max-slots=\"2\">\n<div class=\"oneAdBlock\">\n<div id=\"div-gpt-ad-1508427039785-2\" class=\"abd\" data-google-query-id=\"CNbJ45j01JYDFcwFBgQdkzYokQ\">\n<div id=\"google_ads_iframe_\/52408802\/TOPCHHOME2_0__container__\"><em>Isht\u00eb nj\u00eb ngjarje q\u00eb v\u00ebrtet ka marr\u00eb v\u00ebmendje t\u00eb madhe, por nga ana e policis\u00eb, edhe n\u00eb deklarat\u00ebn e par\u00eb q\u00eb u dha dje nga drejtori vendor, vazhdon verifikimi i pretendimeve t\u00eb t\u00eb gjitha pal\u00ebve p\u00ebr kryerjen e veprimeve.\u201d<\/em><\/div>\n<\/div>\n<\/div>\n<\/div>\n<\/div>\n<p>Nd\u00ebrsa ministri i Brendsh\u00ebm, Besfort Lamallari, tha:\u00a0<em>\u201cAjo \u00e7far\u00eb \u00ebsht\u00eb e r\u00ebnd\u00ebsishme, pa hyr\u00eb n\u00eb \u00e7\u00ebshtje operacionale, q\u00eb i takojn\u00eb Policis\u00eb s\u00eb Shtetit, \u00ebsht\u00eb reagimi i menj\u00ebhersh\u00ebm, i shpejt\u00eb i Policis\u00eb s\u00eb Shtetit.<\/em><\/p>\n<p><em>Si\u00e7 e tha drejtori, edhe tani q\u00eb po flasim vijojn\u00eb veprimet hetimore. Pati menj\u00ebher\u00eb persona t\u00eb arrestuar, persona t\u00eb cil\u00ebt jan\u00eb ende n\u00eb k\u00ebrkim dhe besoj do t\u00eb gjenden dhe do t\u00eb vihen para drejt\u00ebsis\u00eb.<\/em><\/p>\n<p><em>Policia e Shtetit mbetet n\u00eb dispozicion t\u00eb ligjit dhe t\u00eb gjitha udh\u00ebzimeve t\u00eb prokurorit t\u00eb \u00e7\u00ebshtjes p\u00ebr zbardhjen e plot\u00eb t\u00eb ngjarjes dhe, patjet\u00ebr, p\u00ebr v\u00ebnien para p\u00ebrgjegj\u00ebsis\u00eb t\u00eb autor\u00ebve t\u00eb p\u00ebrfshir\u00eb n\u00eb k\u00ebt\u00eb situat\u00eb.\u201d<\/em><\/p>\n","protected":false},"excerpt":{"rendered":"<p>Drejtori i P\u00ebrgjithsh\u00ebm i Policis\u00eb s\u00eb Shtetit, Sk\u00ebnder Hita dhe ministri i Brendsh\u00ebm, Besfort Lamallari, kan\u00eb reaguar nga Kuk\u00ebsi n\u00eb lidhje me ngjarjen e konfliktit t\u00eb dy biznesmen\u00ebve n\u00eb Vlor\u00eb. Drejtori i P\u00ebrgjithsh\u00ebm i Policis\u00eb s\u00eb Shtetit, Sk\u00ebnder Hita, tha: \u201cNgjarja e Vlor\u00ebs ishte nj\u00eb ngjarje q\u00eb, n\u00eb marrjen e njoftimit n\u00eb momentin e par\u00eb, [&hellip;]<\/p>\n","protected":false},"author":5,"featured_media":96863,"comment_status":"closed","ping_status":"closed","sticky":false,"template":"","format":"standard","meta":{"footnotes":""},"categories":[1,6332],"tags":[42998,42999],"class_list":{"0":"post-101463","1":"post","2":"type-post","3":"status-publish","4":"format-standard","5":"has-post-thumbnail","7":"category-aktualitet","8":"category-te-fundit","9":"tag-onflikti-mes-biznesmeneve-ne-vlore","10":"tag-reagon-drejtori-i-pergjithshem-i-policise-hita"},"_links":{"self":[{"href":"https:\/\/jugulajm.net\/index.php?rest_route=\/wp\/v2\/posts\/101463","targetHints":{"allow":["GET"]}}],"collection":[{"href":"https:\/\/jugulajm.net\/index.php?rest_route=\/wp\/v2\/posts"}],"about":[{"href":"https:\/\/jugulajm.net\/index.php?rest_route=\/wp\/v2\/types\/post"}],"author":[{"embeddable":true,"href":"https:\/\/jugulajm.net\/index.php?rest_route=\/wp\/v2\/users\/5"}],"replies":[{"embeddable":true,"href":"https:\/\/jugulajm.net\/index.php?rest_route=%2Fwp%2Fv2%2Fcomments&post=101463"}],"version-history":[{"count":2,"href":"https:\/\/jugulajm.net\/index.php?rest_route=\/wp\/v2\/posts\/101463\/revisions"}],"predecessor-version":[{"id":101465,"href":"https:\/\/jugulajm.net\/index.php?rest_route=\/wp\/v2\/posts\/101463\/revisions\/101465"}],"wp:featuredmedia":[{"embeddable":true,"href":"https:\/\/jugulajm.net\/index.php?rest_route=\/wp\/v2\/media\/96863"}],"wp:attachment":[{"href":"https:\/\/jugulajm.net\/index.php?rest_route=%2Fwp%2Fv2%2Fmedia&parent=101463"}],"wp:term":[{"taxonomy":"category","embeddable":true,"href":"https:\/\/jugulajm.net\/index.php?rest_route=%2Fwp%2Fv2%2Fcategories&post=101463"},{"taxonomy":"post_tag","embeddable":true,"href":"https:\/\/jugulajm.net\/index.php?rest_route=%2Fwp%2Fv2%2Ftags&post=101463"}],"curies":[{"name":"wp","href":"https:\/\/api.w.org\/{rel}","templated":true}]}}