{"id":101458,"date":"2026-09-04T12:21:38","date_gmt":"2026-09-04T10:21:38","guid":{"rendered":"https:\/\/jugulajm.net\/?p=101458"},"modified":"2026-09-04T12:21:55","modified_gmt":"2026-09-04T10:21:55","slug":"berisha-flet-para-nisjes-per-ne-shba-ky-eshte-udhetimi-i-viteve-per-shqiperine","status":"publish","type":"post","link":"https:\/\/jugulajm.net\/?p=101458","title":{"rendered":"Berisha flet para nisjes p\u00ebr n\u00eb SHBA: Ky \u00ebsht\u00eb udh\u00ebtimi i viteve p\u00ebr Shqip\u00ebrin\u00eb"},"content":{"rendered":"<p class=\"wp-block-paragraph\" data-asw-org-font-size=\"18\">Kreu i Partis\u00eb Demokratike, Sali Berisha, ka folur k\u00ebt\u00eb t\u00eb premte nga Rinasi p\u00ebr mediat, pak p\u00ebrpara se t\u00eb nisej n\u00eb SHBA p\u00ebr nj\u00eb vizit\u00eb zyrtare me nj\u00eb agjend\u00eb me takime me politikan\u00eb amerikan\u00eb dhe komunitete shqipar\u00ebsh.<\/p>\n<p class=\"wp-block-paragraph\" data-asw-org-font-size=\"18\">Berisha ka th\u00ebn\u00eb nga Rinasi se ky sipas tij \u00ebsht\u00eb udh\u00ebtimi i viteve.<\/p>\n<p class=\"wp-block-paragraph\" data-asw-org-font-size=\"18\">Kreu i PD-s\u00eb n\u00eb 2021 u shpall nga SHBA \u201cNon Grata\u201d dhe jo m\u00eb pak se disa koh\u00eb m\u00eb par\u00eb, ai ka komunikuar zyrtarisht se e Ngarkuara me Pun\u00eb n\u00eb SHBA e ka vendosur n\u00eb dijeni se mund t\u00eb udh\u00ebtoj\u00eb n\u00eb SHBA.<\/p>\n<p class=\"wp-block-paragraph\" data-asw-org-font-size=\"18\">\u201cKy \u00ebsht\u00eb udh\u00ebtimi i viteve p\u00ebr Shqip\u00ebrin\u00eb. Nisem p\u00ebr n\u00eb SHBA po me at\u00eb bindje si n\u00eb mars t\u00eb 1991 se vendi i madh i liris\u00eb do mb\u00ebshtes\u00eb Shqip\u00ebrin\u00eb dhe shqiptar\u00ebt n\u00eb p\u00ebrpjekjet e tyre p\u00ebr tu \u00e7liruar nga diktatura autoritare e bazuar n\u00eb drog\u00ebn, krimin dhe vjedhjen e shqiptar\u00ebve.<\/p>\n<p class=\"wp-block-paragraph\" data-asw-org-font-size=\"18\">Prania juaj k\u00ebtu d\u00ebshmon se ky \u00ebsht\u00eb udh\u00ebtimi i viteve p\u00ebr Shqip\u00ebrin\u00eb. N\u00eb rrafshin tim un\u00eb shkoj dhe takoj miqt\u00eb e tij u them \u201cUn\u00eb erdha\u201d. &#8211; tha Berisha nga Rinasi.<\/p>\n","protected":false},"excerpt":{"rendered":"<p>Kreu i Partis\u00eb Demokratike, Sali Berisha, ka folur k\u00ebt\u00eb t\u00eb premte nga Rinasi p\u00ebr mediat, pak p\u00ebrpara se t\u00eb nisej n\u00eb SHBA p\u00ebr nj\u00eb vizit\u00eb zyrtare me nj\u00eb agjend\u00eb me takime me politikan\u00eb amerikan\u00eb dhe komunitete shqipar\u00ebsh. Berisha ka th\u00ebn\u00eb nga Rinasi se ky sipas tij \u00ebsht\u00eb udh\u00ebtimi i viteve. Kreu i PD-s\u00eb n\u00eb 2021 [&hellip;]<\/p>\n","protected":false},"author":5,"featured_media":101460,"comment_status":"closed","ping_status":"closed","sticky":false,"template":"","format":"standard","meta":{"footnotes":""},"categories":[6326,6332],"tags":[42995],"class_list":{"0":"post-101458","1":"post","2":"type-post","3":"status-publish","4":"format-standard","5":"has-post-thumbnail","7":"category-politike","8":"category-te-fundit","9":"tag-berisha-flet-para-nisjes-per-ne-shba-ky-eshte-udhetimi-i-viteve-per-shqiperine"},"_links":{"self":[{"href":"https:\/\/jugulajm.net\/index.php?rest_route=\/wp\/v2\/posts\/101458","targetHints":{"allow":["GET"]}}],"collection":[{"href":"https:\/\/jugulajm.net\/index.php?rest_route=\/wp\/v2\/posts"}],"about":[{"href":"https:\/\/jugulajm.net\/index.php?rest_route=\/wp\/v2\/types\/post"}],"author":[{"embeddable":true,"href":"https:\/\/jugulajm.net\/index.php?rest_route=\/wp\/v2\/users\/5"}],"replies":[{"embeddable":true,"href":"https:\/\/jugulajm.net\/index.php?rest_route=%2Fwp%2Fv2%2Fcomments&post=101458"}],"version-history":[{"count":1,"href":"https:\/\/jugulajm.net\/index.php?rest_route=\/wp\/v2\/posts\/101458\/revisions"}],"predecessor-version":[{"id":101459,"href":"https:\/\/jugulajm.net\/index.php?rest_route=\/wp\/v2\/posts\/101458\/revisions\/101459"}],"wp:featuredmedia":[{"embeddable":true,"href":"https:\/\/jugulajm.net\/index.php?rest_route=\/wp\/v2\/media\/101460"}],"wp:attachment":[{"href":"https:\/\/jugulajm.net\/index.php?rest_route=%2Fwp%2Fv2%2Fmedia&parent=101458"}],"wp:term":[{"taxonomy":"category","embeddable":true,"href":"https:\/\/jugulajm.net\/index.php?rest_route=%2Fwp%2Fv2%2Fcategories&post=101458"},{"taxonomy":"post_tag","embeddable":true,"href":"https:\/\/jugulajm.net\/index.php?rest_route=%2Fwp%2Fv2%2Ftags&post=101458"}],"curies":[{"name":"wp","href":"https:\/\/api.w.org\/{rel}","templated":true}]}}