{"id":101441,"date":"2026-09-03T16:48:36","date_gmt":"2026-09-03T14:48:36","guid":{"rendered":"https:\/\/jugulajm.net\/?p=101441"},"modified":"2026-09-03T16:51:15","modified_gmt":"2026-09-03T14:51:15","slug":"arrestimi-i-dhunshem-para-familjareve-dhe-femijes-se-mitur-drejtori-hita-pezullon-nga-detyra-3-policet-dhe","status":"publish","type":"post","link":"https:\/\/jugulajm.net\/?p=101441","title":{"rendered":"Arrestimi i dhunsh\u00ebm para familjar\u00ebve dhe f\u00ebmij\u00ebs s\u00eb mitur, Drejtori Hita pezullon nga detyra 3 polic\u00ebt dhe&#8230;"},"content":{"rendered":"<p>Policia ka reaguar n\u00eb lidhje me shoq\u00ebrimin e shtetasit, i cili u mor me dhun\u00eb nga ana e efektiv\u00ebve n\u00eb sy t\u00eb familjar\u00ebve t\u00eb tij dhe f\u00ebmij\u00ebve t\u00eb mitur n\u00eb fshatin Krek\u00ebz t\u00eb Ku\u00e7ov\u00ebs.<\/p>\n<p>Pasi pamjet e publikuara u kthyen n\u00eb virale n\u00eb rrjetet sociale, policia ka sqaruar se shtetasi nuk \u00ebsht\u00eb arrestuar p\u00ebr suvatuar sht\u00ebpin\u00eb, por ka kanosur v\u00ebllain e tij\u00a0 me \u00e7ifte.<\/p>\n<p><em><strong>Reagimi i Policis\u00eb:<\/strong><\/em><\/p>\n<div class=\"x14z9mp xat24cr x1lziwak x1vvkbs xtlvy1s x126k92a\">\n<div dir=\"auto\">N\u00eb lidhje me nj\u00eb video t\u00eb publikuar n\u00eb rrjete sociale, ku shfaqet shoq\u00ebrimi i nj\u00eb shtetasi nga punonj\u00ebsit e Policis\u00eb s\u00eb Komisariatit t\u00eb Policis\u00eb Ku\u00e7ov\u00eb, Drejtori i P\u00ebrgjithsh\u00ebm i Policis\u00eb s\u00eb Shtetit Drejtues Madhor Skender Hita ka pezulluar menj\u00ebher\u00eb nga detyra 3 punonj\u00ebsit e Komisariatit t\u00eb Policis\u00eb Ku\u00e7ov\u00eb q\u00eb shfaqen n\u00eb video, konkretisht: inspektor\u00ebt K. M. dhe D. D., oficer\u00eb t\u00eb Patrull\u00ebs s\u00eb P\u00ebrgjithshme, si dhe inspektor A. M., ndihm\u00ebsspecialist (SPZ).<\/div>\n<div dir=\"auto\"><\/div>\n<\/div>\n<div class=\"x14z9mp xat24cr x1lziwak x1vvkbs xtlvy1s x126k92a\">\n<div dir=\"auto\">Gjithashtu, Drejtori i P\u00ebrgjithsh\u00ebm i Policis\u00eb s\u00eb Shtetit, n\u00eb zbatim t\u00eb k\u00ebrkesave t\u00eb ligjit \u201cP\u00ebr Policin\u00eb e Shtetit\u201d dhe t\u00eb Rregullores s\u00eb Policis\u00eb s\u00eb Shtetit, ka urdh\u00ebruar Drejtorin\u00eb e Standardeve Profesionale, n\u00eb DPPSH, p\u00ebr nisjen e hetimit disiplinor ndaj 3 punonj\u00ebsve t\u00eb pezulluar nga detyra, p\u00ebr shkeljet \u201cP\u00ebrdorimi i paligjsh\u00ebm dhe i paarsyesh\u00ebm i forc\u00ebs\u201d dhe \u201cKryerja e veprimeve q\u00eb cenojn\u00eb r\u00ebnd\u00eb figur\u00ebn e punonj\u00ebsit t\u00eb Policis\u00eb, institucionin apo sh\u00ebrbimin policor n\u00eb t\u00ebr\u00ebsi\u201d.<\/div>\n<div dir=\"auto\"><\/div>\n<\/div>\n<div class=\"x14z9mp xat24cr x1lziwak x1vvkbs xtlvy1s x126k92a\">\n<div dir=\"auto\">Nd\u00ebrkoh\u00eb, sqarojm\u00eb opinionin publik se shoq\u00ebrimi i shtetasit D. T., q\u00eb shfaqet n\u00eb video, nuk \u00ebsht\u00eb b\u00ebr\u00eb p\u00ebr kryerjen e punimeve t\u00eb nd\u00ebrtimit pa leje, por p\u00ebr shkak se ndaj tij \u00ebsht\u00eb b\u00ebr\u00eb kall\u00ebzim p\u00ebr kanosjen e kunat\u00ebs s\u00eb tij.<\/div>\n<\/div>\n<div class=\"x14z9mp xat24cr x1lziwak x1vvkbs xtlvy1s x126k92a\">\n<div dir=\"auto\">M\u00eb dat\u00eb 20.07.2026, n\u00eb Komisariatin e Policis\u00eb Ku\u00e7ov\u00eb \u00ebsht\u00eb paraqitur kunata e shtetasit D. T., shtetasja V. T., e cila ka kall\u00ebzuar se ky shtetas e kishte kanosur.<\/div>\n<div dir=\"auto\"><\/div>\n<\/div>\n<div class=\"x14z9mp xat24cr x1lziwak x1vvkbs xtlvy1s x126k92a\">\n<div dir=\"auto\">N\u00eb kuad\u00ebr t\u00eb veprimeve procedurale t\u00eb kryera nga Komisariati i Policis\u00eb Ku\u00e7ov\u00eb dhe pas konsultimit me Prokurorin\u00eb e Beratit, m\u00eb dat\u00eb 03.08.2026, sh\u00ebrbimet e Policis\u00eb kan\u00eb shkuar n\u00eb fshatin Krek\u00ebz, p\u00ebr t\u00eb shoq\u00ebruar shtetasin D. T., i cili nuk kishte pranuar t\u00eb paraqitej vullnetarisht n\u00eb Komisariat, pas njoftimit nga ana e Policis\u00eb, p\u00ebr t\u2019u pyetur n\u00eb cil\u00ebsin\u00eb e personit ndaj t\u00eb cilit zhvillohen hetime.<\/div>\n<\/div>\n<div class=\"x14z9mp xat24cr x1lziwak x1vvkbs xtlvy1s x126k92a\">\n<div dir=\"auto\">N\u00eb vijim t\u00eb veprimeve p\u00ebr rastin, materialet procedurale jan\u00eb referuar n\u00eb Prokurori, p\u00ebr vepr\u00ebn penale \u201cKanosja\u201d, parashikuar nga neni 84 i Kodit Penal.<\/div>\n<div dir=\"auto\"><\/div>\n<\/div>\n<div class=\"x14z9mp xat24cr x1lziwak x1vvkbs xtlvy1s x126k92a\">\n<div dir=\"auto\">Duke qen\u00eb se pal\u00ebt jan\u00eb n\u00eb situat\u00eb konfliktuale dhe n\u00eb proces gjyq\u00ebsor p\u00ebr nj\u00eb pron\u00eb (tok\u00eb), Komisariati i Policis\u00eb Ku\u00e7ov\u00eb e ka trajtuar n\u00eb m\u00ebnyr\u00eb t\u00eb vazhdueshme problematik\u00ebn nd\u00ebrmjet tyre, me q\u00ebllim parandalimin e p\u00ebrshkall\u00ebzimit t\u00eb situat\u00ebs, duke reaguar ndaj \u00e7do njoftimi dhe duke kryer veprimet procedurale n\u00eb p\u00ebrputhje me ligjin.<\/div>\n<\/div>\n<div class=\"x14z9mp xat24cr x1lziwak x1vvkbs xtlvy1s x126k92a\">\n<div dir=\"auto\">Drejtoria e P\u00ebrgjithshme e Policis\u00eb s\u00eb Shtetit garanton qytetar\u00ebt se \u00e7do pretendim p\u00ebr shkelje t\u00eb ligjit apo t\u00eb standardeve profesionale nga ana e punonj\u00ebsve t\u00eb Policis\u00eb do t\u00eb verifikohet me seriozitet dhe paanshm\u00ebri.<\/div>\n<div dir=\"auto\"><\/div>\n<\/div>\n<div class=\"x14z9mp xat24cr x1lziwak x1vvkbs xtlvy1s x126k92a\">\n<div dir=\"auto\">\u00c7do punonj\u00ebs Policie q\u00eb konstatohet se ka shkelur ligjin, rregullat e sh\u00ebrbimit apo ka cenuar besimin e qytetar\u00ebve me veprimet e tij, do t\u00eb mbaj\u00eb p\u00ebrgjegj\u00ebsi sipas parashikimeve t\u00eb ligjit dhe t\u00eb Rregullores s\u00eb Policis\u00eb s\u00eb Shtetit.<\/div>\n<\/div>\n","protected":false},"excerpt":{"rendered":"<p>Policia ka reaguar n\u00eb lidhje me shoq\u00ebrimin e shtetasit, i cili u mor me dhun\u00eb nga ana e efektiv\u00ebve n\u00eb sy t\u00eb familjar\u00ebve t\u00eb tij dhe f\u00ebmij\u00ebve t\u00eb mitur n\u00eb fshatin Krek\u00ebz t\u00eb Ku\u00e7ov\u00ebs. Pasi pamjet e publikuara u kthyen n\u00eb virale n\u00eb rrjetet sociale, policia ka sqaruar se shtetasi nuk \u00ebsht\u00eb arrestuar p\u00ebr suvatuar [&hellip;]<\/p>\n","protected":false},"author":5,"featured_media":101442,"comment_status":"closed","ping_status":"closed","sticky":false,"template":"","format":"standard","meta":{"footnotes":""},"categories":[1,6332],"tags":[42989,42990],"class_list":{"0":"post-101441","1":"post","2":"type-post","3":"status-publish","4":"format-standard","5":"has-post-thumbnail","7":"category-aktualitet","8":"category-te-fundit","9":"tag-arrestimi-i-dhunshem-para-familjareve-dhe-femijes-se-mitur","10":"tag-drejtori-hita-pezullon-nga-detyra-3-policet"},"_links":{"self":[{"href":"https:\/\/jugulajm.net\/index.php?rest_route=\/wp\/v2\/posts\/101441","targetHints":{"allow":["GET"]}}],"collection":[{"href":"https:\/\/jugulajm.net\/index.php?rest_route=\/wp\/v2\/posts"}],"about":[{"href":"https:\/\/jugulajm.net\/index.php?rest_route=\/wp\/v2\/types\/post"}],"author":[{"embeddable":true,"href":"https:\/\/jugulajm.net\/index.php?rest_route=\/wp\/v2\/users\/5"}],"replies":[{"embeddable":true,"href":"https:\/\/jugulajm.net\/index.php?rest_route=%2Fwp%2Fv2%2Fcomments&post=101441"}],"version-history":[{"count":3,"href":"https:\/\/jugulajm.net\/index.php?rest_route=\/wp\/v2\/posts\/101441\/revisions"}],"predecessor-version":[{"id":101445,"href":"https:\/\/jugulajm.net\/index.php?rest_route=\/wp\/v2\/posts\/101441\/revisions\/101445"}],"wp:featuredmedia":[{"embeddable":true,"href":"https:\/\/jugulajm.net\/index.php?rest_route=\/wp\/v2\/media\/101442"}],"wp:attachment":[{"href":"https:\/\/jugulajm.net\/index.php?rest_route=%2Fwp%2Fv2%2Fmedia&parent=101441"}],"wp:term":[{"taxonomy":"category","embeddable":true,"href":"https:\/\/jugulajm.net\/index.php?rest_route=%2Fwp%2Fv2%2Fcategories&post=101441"},{"taxonomy":"post_tag","embeddable":true,"href":"https:\/\/jugulajm.net\/index.php?rest_route=%2Fwp%2Fv2%2Ftags&post=101441"}],"curies":[{"name":"wp","href":"https:\/\/api.w.org\/{rel}","templated":true}]}}