{"id":101428,"date":"2026-09-03T10:25:48","date_gmt":"2026-09-03T08:25:48","guid":{"rendered":"https:\/\/jugulajm.net\/?p=101428"},"modified":"2026-09-03T10:26:14","modified_gmt":"2026-09-03T08:26:14","slug":"besa-dhe-pasqyre-albania-ja-si-do-funksionojne-rama-qytetari-do-kete-mundesi-te-kontrolloje-shtetin","status":"publish","type":"post","link":"https:\/\/jugulajm.net\/?p=101428","title":{"rendered":"\u201cBesa\u201d dhe \u201cPasqyr\u00eb Albania\u201d, ja si do funksionojn\u00eb, Rama: Qytetari do ket\u00eb mund\u00ebsi t\u00eb kontrolloj\u00eb shtetin"},"content":{"rendered":"<p>Kryeministri Edi Rama ka treguar sot detaje se si do t\u00eb funksionoj\u00eb \u201cBesa\u201d dhe Pasqyr\u00eb Albania, p\u00ebr t\u00eb cilat ka zhvilluar disa takime me ministrat, zv.ministrat dhe drejtuesit politik\u00eb.<\/p>\n<p>N\u00eb nj\u00eb komunikim p\u00ebr mediat, Rama tha se deri m\u00eb sot qytetar\u00ebt kan\u00eb qen\u00eb n\u00eb \u201cterr\u201d dhe nuk kan\u00eb dituar asnj\u00eb gj\u00eb dhe nuk kan\u00eb marr\u00eb sh\u00ebrbimet kur dhe si duhet.<\/p>\n<p>Por me \u201cBes\u00ebn\u201d dhe Pasqyr\u00eb Albania, qytetar\u00ebt do t\u00eb ken\u00eb mund\u00ebsi t\u00eb kontrollojn\u00eb shtetin dhe t\u00eb ndjekin \u00e7do procedur\u00eb.<\/p>\n<p><em>\u201cPrania besnike dhe Pasqyr\u00eb Albania si dhe i t\u00ebr\u00eb ekosistemi i komunikimit t\u00eb shtetit me qytetarin nuk jan\u00eb portale dhe slogane por jan\u00eb komponent\u00eb t\u00eb r\u00ebnd\u00ebsisshme t\u00eb marr\u00ebdh\u00ebnies qytetar-shtet, q\u00eb do mb\u00ebshtetetn n\u00eb 4 pika ky\u00e7e; Si e sheh shteti problemin, si e d\u00ebgjon shumica qeveris\u00ebse njeriun, si mbahet fjala e dh\u00ebn\u00eb me ligj e zakon dhe e si hapet dera p\u00ebr merit\u00ebn.<\/em><\/p>\n<p><em>Ne kemi kryer nj\u00eb proces t\u00eb gjer\u00eb t\u00eb organizimit shtet\u00ebror t\u00eb Shqip\u00ebris\u00eb por sot ne duhet t\u00eb ndeshemi me 3 plag\u00eb q\u00eb ushqejn\u00eb nj\u00ebra tjetr\u00ebn: e para, shteti labirint, ku qytetari nuk di kush duhet ti p\u00ebrgjigjet<\/em><\/p>\n<p><em>E dyta memorja institucionale, nuk mbahetnj\u00eb regjist\u00ebr llogarish p\u00ebr at\u00eb q\u00eb u b\u00eb, at\u00eb q\u00eb nuk u b\u00eb, at\u00eb q\u00eb nuk u vonua. Memoria institucionale nuk \u00ebsht\u00eb protokoll institucioni por shum\u00eb m\u00eb tep\u00ebr se kaq. Mungesa e saj i kushton shtetit shum\u00eb m\u00eb tep\u00ebr.<\/em><\/p>\n<p><em>Dhe e treta, plaga e der\u00ebs q\u00eb nuk duket, t\u00eb cil\u00ebn e sheh dhe e prek te ndjenja e drejt\u00eb n\u00eb shqip\u00ebtri q\u00eb p\u00ebr nj\u00eb sh\u00ebrbim apo vend pune, njohja vlen m\u00eb shym\u00eb se merita dhe fati vlen m\u00eb shum\u00eb se ligji. BESA dhe Pasqyr\u00eb Albania u jep p\u00ebrgjigje k\u00ebtyre<\/em><\/p>\n<p><em>Pasqyr\u00eb Albania \u00ebsht\u00eb nj\u00eb hap\u00ebsir\u00eb e re, ku fal\u00eb teknologjis\u00eb dhe mund\u00ebsis\u00eb q\u00eb na jep AI mund t\u00eb bashk\u00ebjetoj gjith\u00eb shteti dhe e drejta e qytetarit p\u00ebr t\u00eb kontrolluar shtetin e vet, \u00ebpr ta pyetur dhe p\u00ebr t\u00eb k\u00ebrkuar mb\u00ebshtetje nga shteti i vet\u201d,<\/em>\u00a0tha Rama.<\/p>\n","protected":false},"excerpt":{"rendered":"<p>Kryeministri Edi Rama ka treguar sot detaje se si do t\u00eb funksionoj\u00eb \u201cBesa\u201d dhe Pasqyr\u00eb Albania, p\u00ebr t\u00eb cilat ka zhvilluar disa takime me ministrat, zv.ministrat dhe drejtuesit politik\u00eb. N\u00eb nj\u00eb komunikim p\u00ebr mediat, Rama tha se deri m\u00eb sot qytetar\u00ebt kan\u00eb qen\u00eb n\u00eb \u201cterr\u201d dhe nuk kan\u00eb dituar asnj\u00eb gj\u00eb dhe nuk kan\u00eb marr\u00eb [&hellip;]<\/p>\n","protected":false},"author":5,"featured_media":101429,"comment_status":"closed","ping_status":"closed","sticky":false,"template":"","format":"standard","meta":{"footnotes":""},"categories":[6326,6332],"tags":[42983,42984,42985],"class_list":{"0":"post-101428","1":"post","2":"type-post","3":"status-publish","4":"format-standard","5":"has-post-thumbnail","7":"category-politike","8":"category-te-fundit","9":"tag-besa-dhe-pasqyre-albania","10":"tag-ja-si-do-funksionojne","11":"tag-rama-qytetari-do-kete-mundesi-te-kontrolloje-shtetin"},"_links":{"self":[{"href":"https:\/\/jugulajm.net\/index.php?rest_route=\/wp\/v2\/posts\/101428","targetHints":{"allow":["GET"]}}],"collection":[{"href":"https:\/\/jugulajm.net\/index.php?rest_route=\/wp\/v2\/posts"}],"about":[{"href":"https:\/\/jugulajm.net\/index.php?rest_route=\/wp\/v2\/types\/post"}],"author":[{"embeddable":true,"href":"https:\/\/jugulajm.net\/index.php?rest_route=\/wp\/v2\/users\/5"}],"replies":[{"embeddable":true,"href":"https:\/\/jugulajm.net\/index.php?rest_route=%2Fwp%2Fv2%2Fcomments&post=101428"}],"version-history":[{"count":2,"href":"https:\/\/jugulajm.net\/index.php?rest_route=\/wp\/v2\/posts\/101428\/revisions"}],"predecessor-version":[{"id":101431,"href":"https:\/\/jugulajm.net\/index.php?rest_route=\/wp\/v2\/posts\/101428\/revisions\/101431"}],"wp:featuredmedia":[{"embeddable":true,"href":"https:\/\/jugulajm.net\/index.php?rest_route=\/wp\/v2\/media\/101429"}],"wp:attachment":[{"href":"https:\/\/jugulajm.net\/index.php?rest_route=%2Fwp%2Fv2%2Fmedia&parent=101428"}],"wp:term":[{"taxonomy":"category","embeddable":true,"href":"https:\/\/jugulajm.net\/index.php?rest_route=%2Fwp%2Fv2%2Fcategories&post=101428"},{"taxonomy":"post_tag","embeddable":true,"href":"https:\/\/jugulajm.net\/index.php?rest_route=%2Fwp%2Fv2%2Ftags&post=101428"}],"curies":[{"name":"wp","href":"https:\/\/api.w.org\/{rel}","templated":true}]}}