{"id":101418,"date":"2026-09-02T18:21:49","date_gmt":"2026-09-02T16:21:49","guid":{"rendered":"https:\/\/jugulajm.net\/?p=101418"},"modified":"2026-09-02T18:21:49","modified_gmt":"2026-09-02T16:21:49","slug":"mbledhja-e-rames-me-ministrat-dhe-drejtuesit-politike-zbulohen-porosite-zbrisni-ne-terren-dhe","status":"publish","type":"post","link":"https:\/\/jugulajm.net\/?p=101418","title":{"rendered":"Mbledhja e Ram\u00ebs me ministrat dhe drejtuesit politike, zbulohen porosit\u00eb: Zbrisni n\u00eb terren dhe&#8230;"},"content":{"rendered":"<p>Kryeministri Edi Rama ka zhvilluar k\u00ebt\u00eb t\u00eb m\u00ebrkur\u00eb nj\u00eb mbledhje me ministrat dhe drejtuesit politik\u00eb n\u00eb ambientet e Vil\u00ebs s\u00eb Kuqe n\u00eb Sauk.<\/p>\n<p>Gjat\u00eb k\u00ebtij takimi, raportohet se secili prej drejtuesve politik\u00eb ka prezantuar nj\u00eb kalendar t\u00eb detajuar p\u00ebr aksionin e quajtur \u201cOra e Pranis\u00eb Besnike\u201d, i cili parashikon zhvillimin e takimeve intensive n\u00eb terren me qytetar\u00ebt.<\/p>\n<p>Nj\u00eb pjes\u00eb e k\u00ebtyre takimeve do t\u00eb nisin q\u00eb k\u00ebt\u00eb fundjav\u00eb, ku deputet\u00ebt dhe z\u00ebvend\u00ebsministrat do t\u00eb zbresin n\u00eb baz\u00eb p\u00ebr t\u2019u njohur nga af\u00ebr me shqet\u00ebsimet dhe k\u00ebrkesat e banor\u00ebve.<\/p>\n<p>Mbledhja e sotme n\u00eb Sauk i paraprin nj\u00eb tjet\u00ebr takimi q\u00eb do t\u00eb zhvillohet dit\u00ebn e nes\u00ebrme n\u00eb Pallatin e Brigadave, ku kryeministri do t\u00eb mbledh\u00eb grupin e plot\u00eb parlamentar dhe kabinetin qeveritar.<\/p>\n","protected":false},"excerpt":{"rendered":"<p>Kryeministri Edi Rama ka zhvilluar k\u00ebt\u00eb t\u00eb m\u00ebrkur\u00eb nj\u00eb mbledhje me ministrat dhe drejtuesit politik\u00eb n\u00eb ambientet e Vil\u00ebs s\u00eb Kuqe n\u00eb Sauk. Gjat\u00eb k\u00ebtij takimi, raportohet se secili prej drejtuesve politik\u00eb ka prezantuar nj\u00eb kalendar t\u00eb detajuar p\u00ebr aksionin e quajtur \u201cOra e Pranis\u00eb Besnike\u201d, i cili parashikon zhvillimin e takimeve intensive n\u00eb terren [&hellip;]<\/p>\n","protected":false},"author":5,"featured_media":98811,"comment_status":"closed","ping_status":"closed","sticky":false,"template":"","format":"standard","meta":{"footnotes":""},"categories":[6326,6332],"tags":[42979,42980],"class_list":{"0":"post-101418","1":"post","2":"type-post","3":"status-publish","4":"format-standard","5":"has-post-thumbnail","7":"category-politike","8":"category-te-fundit","9":"tag-mbledhja-e-rames-me-ministrat-dhe-drejtuesit-politike","10":"tag-zbulohen-porosite-zbrisni-ne-terren-dhe"},"_links":{"self":[{"href":"https:\/\/jugulajm.net\/index.php?rest_route=\/wp\/v2\/posts\/101418","targetHints":{"allow":["GET"]}}],"collection":[{"href":"https:\/\/jugulajm.net\/index.php?rest_route=\/wp\/v2\/posts"}],"about":[{"href":"https:\/\/jugulajm.net\/index.php?rest_route=\/wp\/v2\/types\/post"}],"author":[{"embeddable":true,"href":"https:\/\/jugulajm.net\/index.php?rest_route=\/wp\/v2\/users\/5"}],"replies":[{"embeddable":true,"href":"https:\/\/jugulajm.net\/index.php?rest_route=%2Fwp%2Fv2%2Fcomments&post=101418"}],"version-history":[{"count":1,"href":"https:\/\/jugulajm.net\/index.php?rest_route=\/wp\/v2\/posts\/101418\/revisions"}],"predecessor-version":[{"id":101419,"href":"https:\/\/jugulajm.net\/index.php?rest_route=\/wp\/v2\/posts\/101418\/revisions\/101419"}],"wp:featuredmedia":[{"embeddable":true,"href":"https:\/\/jugulajm.net\/index.php?rest_route=\/wp\/v2\/media\/98811"}],"wp:attachment":[{"href":"https:\/\/jugulajm.net\/index.php?rest_route=%2Fwp%2Fv2%2Fmedia&parent=101418"}],"wp:term":[{"taxonomy":"category","embeddable":true,"href":"https:\/\/jugulajm.net\/index.php?rest_route=%2Fwp%2Fv2%2Fcategories&post=101418"},{"taxonomy":"post_tag","embeddable":true,"href":"https:\/\/jugulajm.net\/index.php?rest_route=%2Fwp%2Fv2%2Ftags&post=101418"}],"curies":[{"name":"wp","href":"https:\/\/api.w.org\/{rel}","templated":true}]}}