{"id":101414,"date":"2026-09-02T17:03:58","date_gmt":"2026-09-02T15:03:58","guid":{"rendered":"https:\/\/jugulajm.net\/?p=101414"},"modified":"2026-09-02T17:04:51","modified_gmt":"2026-09-02T15:04:51","slug":"lajm-i-funditvideo-zjarr-ne-kellez-zjarrfikesit-ne-terren","status":"publish","type":"post","link":"https:\/\/jugulajm.net\/?p=101414","title":{"rendered":"LAJM I FUNDIT!!(VIDEO) Zjarr n\u00eb K\u00ebll\u00ebz, zjarrfik\u00ebsit n\u00eb terren"},"content":{"rendered":"<p>Zjarr ne kullota ne zonen e Lunxh\u00ebris\u00eb. Flaket agresive kane gjeneruar ne oret e drekes n\u00eb hyrje t\u00eb fshatit K\u00ebll\u00ebz.<\/p>\n<p>Zjarrfikesit shkuan menjehere dhe konstatuan ne vendngjarje, se zjarri kishte p\u00ebrfshir\u00eb kullote dhe shkurre.<\/p>\n<p>Sh\u00ebrbimi zjarrfik\u00ebs nd\u00ebrhyri menj\u00ebher\u00eb, duke b\u00ebr\u00eb t\u00eb mundur shuarjen e plot\u00eb t\u00eb zjarrit dhe parandaluar p\u00ebrhapjen e tij.<\/p>\n<p>Nj\u00eb grup i sh\u00ebrbimit zjarrfik\u00ebs do t\u00eb q\u00ebndroj\u00eb n\u00eb vendngjarje p\u00ebr monitorimin e territorit, me q\u00ebllim evidentimin dhe parandalimin e ndonj\u00eb riaktivizimi t\u00eb mundsh\u00ebm.<\/p>\n<p>Nga zjarri nuk pati persona t\u00eb d\u00ebmtuar dhe as d\u00ebme materiale.<\/p>\n<div style=\"width: 478px;\" class=\"wp-video\"><video class=\"wp-video-shortcode\" id=\"video-101414-1\" width=\"478\" height=\"850\" preload=\"metadata\" controls=\"controls\"><source type=\"video\/mp4\" src=\"https:\/\/jugulajm.net\/wp-content\/uploads\/2026\/09\/VID-20260902-WA0007.mp4?_=1\" \/><a href=\"https:\/\/jugulajm.net\/wp-content\/uploads\/2026\/09\/VID-20260902-WA0007.mp4\">https:\/\/jugulajm.net\/wp-content\/uploads\/2026\/09\/VID-20260902-WA0007.mp4<\/a><\/video><\/div>\n","protected":false},"excerpt":{"rendered":"<p>Zjarr ne kullota ne zonen e Lunxh\u00ebris\u00eb. Flaket agresive kane gjeneruar ne oret e drekes n\u00eb hyrje t\u00eb fshatit K\u00ebll\u00ebz. Zjarrfikesit shkuan menjehere dhe konstatuan ne vendngjarje, se zjarri kishte p\u00ebrfshir\u00eb kullote dhe shkurre. Sh\u00ebrbimi zjarrfik\u00ebs nd\u00ebrhyri menj\u00ebher\u00eb, duke b\u00ebr\u00eb t\u00eb mundur shuarjen e plot\u00eb t\u00eb zjarrit dhe parandaluar p\u00ebrhapjen e tij. Nj\u00eb grup i [&hellip;]<\/p>\n","protected":false},"author":5,"featured_media":101417,"comment_status":"closed","ping_status":"closed","sticky":false,"template":"","format":"standard","meta":{"footnotes":""},"categories":[1,6332],"tags":[42978,25157],"class_list":{"0":"post-101414","1":"post","2":"type-post","3":"status-publish","4":"format-standard","5":"has-post-thumbnail","7":"category-aktualitet","8":"category-te-fundit","9":"tag-lajm-i-funditvideo-zjarr-ne-kellez","10":"tag-zjarrfikesit-ne-terren"},"_links":{"self":[{"href":"https:\/\/jugulajm.net\/index.php?rest_route=\/wp\/v2\/posts\/101414","targetHints":{"allow":["GET"]}}],"collection":[{"href":"https:\/\/jugulajm.net\/index.php?rest_route=\/wp\/v2\/posts"}],"about":[{"href":"https:\/\/jugulajm.net\/index.php?rest_route=\/wp\/v2\/types\/post"}],"author":[{"embeddable":true,"href":"https:\/\/jugulajm.net\/index.php?rest_route=\/wp\/v2\/users\/5"}],"replies":[{"embeddable":true,"href":"https:\/\/jugulajm.net\/index.php?rest_route=%2Fwp%2Fv2%2Fcomments&post=101414"}],"version-history":[{"count":1,"href":"https:\/\/jugulajm.net\/index.php?rest_route=\/wp\/v2\/posts\/101414\/revisions"}],"predecessor-version":[{"id":101416,"href":"https:\/\/jugulajm.net\/index.php?rest_route=\/wp\/v2\/posts\/101414\/revisions\/101416"}],"wp:featuredmedia":[{"embeddable":true,"href":"https:\/\/jugulajm.net\/index.php?rest_route=\/wp\/v2\/media\/101417"}],"wp:attachment":[{"href":"https:\/\/jugulajm.net\/index.php?rest_route=%2Fwp%2Fv2%2Fmedia&parent=101414"}],"wp:term":[{"taxonomy":"category","embeddable":true,"href":"https:\/\/jugulajm.net\/index.php?rest_route=%2Fwp%2Fv2%2Fcategories&post=101414"},{"taxonomy":"post_tag","embeddable":true,"href":"https:\/\/jugulajm.net\/index.php?rest_route=%2Fwp%2Fv2%2Ftags&post=101414"}],"curies":[{"name":"wp","href":"https:\/\/api.w.org\/{rel}","templated":true}]}}