{"id":101405,"date":"2026-09-02T14:39:45","date_gmt":"2026-09-02T12:39:45","guid":{"rendered":"https:\/\/jugulajm.net\/?p=101405"},"modified":"2026-09-02T14:42:42","modified_gmt":"2026-09-02T12:42:42","slug":"sot-dha-doreheqjen-reagon-ish-ministrja-e-shendetesise-i-jam-mirenjohese-kryeministrit-per-besimin-dhe","status":"publish","type":"post","link":"https:\/\/jugulajm.net\/?p=101405","title":{"rendered":"Sot dha dor\u00ebheqjen, reagon ish-Ministrja e Sh\u00ebndet\u00ebsis\u00eb: I jam mir\u00ebnjoh\u00ebse Kryeministrit p\u00ebr besimin dhe&#8230;"},"content":{"rendered":"<p><strong>Ish-Ministrja e Sh\u00ebndet\u00ebsis\u00eb Evis Sala:<\/strong> Sot ishte mbledhja ime e fundit si an\u00ebtare e kabinetit qeveritar, pasi kam pranuar disa angazhime nd\u00ebrkomb\u00ebtare t\u00eb r\u00ebnd\u00ebsishme n\u00eb fush\u00ebn time t\u00eb ekspertiz\u00ebs: onkolologji \u2013 inteligjenc\u00eb artificiale \u2013 inovacion.<\/p>\n<p>Nj\u00eb vit m\u00eb par\u00eb mora p\u00ebrsip\u00ebr me p\u00ebrgjegj\u00ebsi t\u00eb madhe detyr\u00ebn e Ministres s\u00eb Sh\u00ebndet\u00ebsis\u00eb dhe Mir\u00ebqenies Sociale, nj\u00eb fush\u00eb plot sfida e v\u00ebshtir\u00ebsi.<\/p>\n<p>I jam mir\u00ebnjoh\u00ebse Kryeministrit Edi Rama p\u00ebr besimin dhe mb\u00ebshtetjen, si dhe \u00e7do mjeku, infermieri, profesionisti dhe punonj\u00ebsi t\u00eb sistemit t\u00eb sh\u00ebndet\u00ebsis\u00eb e mir\u00ebqenies sociale q\u00eb punoi \u00e7do dit\u00eb p\u00ebr ta b\u00ebr\u00eb sistemin m\u00eb t\u00eb mir\u00eb.<\/p>\n<p>Nj\u00eb falenderim t\u00eb ve\u00e7ant\u00eb p\u00ebr \u00e7do qytetar shqiptar q\u00eb m\u00eb shkroi, sugjeroi apo k\u00ebrkoi m\u00eb shum\u00eb prej nesh.<\/p>\n<p>N\u00eb k\u00ebt\u00eb vit kemi b\u00ebr\u00eb hapa t\u00eb r\u00ebnd\u00ebsish\u00ebm n\u00eb sh\u00ebndet\u00ebsi. Shum\u00eb prej tyre jan\u00eb t\u00eb duksh\u00ebm sot, t\u00eb tjer\u00eb sapo kan\u00eb nisur.<\/p>\n<p>Angazhimi im p\u00ebr Shqip\u00ebrin\u00eb nuk lidhet me nj\u00eb post. Ai \u00ebsht\u00eb pjes\u00eb e asaj q\u00eb jam dhe do t\u00eb vazhdoj\u00eb p\u00ebrmes dijes, eksperienc\u00ebs dhe rrjetit tim profesional nd\u00ebrkomb\u00ebtar.<\/p>\n<p>Sepse detyrat kan\u00eb nj\u00eb fillim dhe nj\u00eb fund.<br \/>\nPor, p\u00ebrgjegj\u00ebsia dhe lidhja me vendin t\u00ebnd nuk kan\u00eb kufij!<\/p>\n","protected":false},"excerpt":{"rendered":"<p>Ish-Ministrja e Sh\u00ebndet\u00ebsis\u00eb Evis Sala: Sot ishte mbledhja ime e fundit si an\u00ebtare e kabinetit qeveritar, pasi kam pranuar disa angazhime nd\u00ebrkomb\u00ebtare t\u00eb r\u00ebnd\u00ebsishme n\u00eb fush\u00ebn time t\u00eb ekspertiz\u00ebs: onkolologji \u2013 inteligjenc\u00eb artificiale \u2013 inovacion. Nj\u00eb vit m\u00eb par\u00eb mora p\u00ebrsip\u00ebr me p\u00ebrgjegj\u00ebsi t\u00eb madhe detyr\u00ebn e Ministres s\u00eb Sh\u00ebndet\u00ebsis\u00eb dhe Mir\u00ebqenies Sociale, nj\u00eb fush\u00eb [&hellip;]<\/p>\n","protected":false},"author":5,"featured_media":101406,"comment_status":"closed","ping_status":"closed","sticky":false,"template":"","format":"standard","meta":{"footnotes":""},"categories":[6332,29228],"tags":[42974,42973,42972],"class_list":{"0":"post-101405","1":"post","2":"type-post","3":"status-publish","4":"format-standard","5":"has-post-thumbnail","7":"category-te-fundit","8":"category-vendi","9":"tag-evis-sala","10":"tag-reagon-ish-ministrja-e-shendetesise-i-jam-mirenjohese-kryeministrit-per-besimin-dhe","11":"tag-sot-dha-doreheqjen"},"_links":{"self":[{"href":"https:\/\/jugulajm.net\/index.php?rest_route=\/wp\/v2\/posts\/101405","targetHints":{"allow":["GET"]}}],"collection":[{"href":"https:\/\/jugulajm.net\/index.php?rest_route=\/wp\/v2\/posts"}],"about":[{"href":"https:\/\/jugulajm.net\/index.php?rest_route=\/wp\/v2\/types\/post"}],"author":[{"embeddable":true,"href":"https:\/\/jugulajm.net\/index.php?rest_route=\/wp\/v2\/users\/5"}],"replies":[{"embeddable":true,"href":"https:\/\/jugulajm.net\/index.php?rest_route=%2Fwp%2Fv2%2Fcomments&post=101405"}],"version-history":[{"count":3,"href":"https:\/\/jugulajm.net\/index.php?rest_route=\/wp\/v2\/posts\/101405\/revisions"}],"predecessor-version":[{"id":101409,"href":"https:\/\/jugulajm.net\/index.php?rest_route=\/wp\/v2\/posts\/101405\/revisions\/101409"}],"wp:featuredmedia":[{"embeddable":true,"href":"https:\/\/jugulajm.net\/index.php?rest_route=\/wp\/v2\/media\/101406"}],"wp:attachment":[{"href":"https:\/\/jugulajm.net\/index.php?rest_route=%2Fwp%2Fv2%2Fmedia&parent=101405"}],"wp:term":[{"taxonomy":"category","embeddable":true,"href":"https:\/\/jugulajm.net\/index.php?rest_route=%2Fwp%2Fv2%2Fcategories&post=101405"},{"taxonomy":"post_tag","embeddable":true,"href":"https:\/\/jugulajm.net\/index.php?rest_route=%2Fwp%2Fv2%2Ftags&post=101405"}],"curies":[{"name":"wp","href":"https:\/\/api.w.org\/{rel}","templated":true}]}}