{"id":101386,"date":"2026-09-01T16:07:56","date_gmt":"2026-09-01T14:07:56","guid":{"rendered":"https:\/\/jugulajm.net\/?p=101386"},"modified":"2026-09-01T16:07:56","modified_gmt":"2026-09-01T14:07:56","slug":"emri-humb-jeten-19-vjecari-smundi-tu-mbijetoje-plageve-te-aksidentit","status":"publish","type":"post","link":"https:\/\/jugulajm.net\/?p=101386","title":{"rendered":"EMRI\/ Humb jet\u00ebn 19-vje\u00e7ari, s&#8217;mundi t\u2019u mbijetoj\u00eb plag\u00ebve t\u00eb aksidentit"},"content":{"rendered":"<p>19-vje\u00e7ari i cili mbeti i plagosur r\u00ebnd\u00eb n\u00eb aksidentin e ndodhur pasditen e djeshme n\u00eb bypass-in Mbrostar\u2013Levan, pran\u00eb Spitalit Memorial t\u00eb Fierit, ka nd\u00ebrruar jet\u00eb.<\/p>\n<p>Indrit Shyti, i cili drejtonte automjetin tip \u201cVolkswagen\u201d, humbi kontrollin rreth or\u00ebs 16:50, n\u00eb af\u00ebrsi t\u00eb mbikalimit t\u00eb Spitalit Memorial, duke dal\u00eb nga rruga.<\/p>\n<p>Si pasoj\u00eb e aksidentit mbet\u00ebn t\u00eb plagosur drejtuesi i mjetit dhe dy pasagjer\u00ebt q\u00eb udh\u00ebtonin me t\u00eb.<\/p>\n<p>19-vje\u00e7ari u transportua fillimisht drejt Urgjenc\u00ebs s\u00eb Spitalit Rajonal t\u00eb Fierit, por p\u00ebr shkak t\u00eb gjendjes s\u00eb r\u00ebnd\u00eb sh\u00ebndet\u00ebsore u d\u00ebrgua p\u00ebr trajtim t\u00eb specializuar n\u00eb Spitalin e Traum\u00ebs n\u00eb Tiran\u00eb, ku nuk ka mundur t\u2019u rezistoj\u00eb plag\u00ebve t\u00eb marra dhe ka nd\u00ebrruar jet\u00eb.<\/p>\n","protected":false},"excerpt":{"rendered":"<p>19-vje\u00e7ari i cili mbeti i plagosur r\u00ebnd\u00eb n\u00eb aksidentin e ndodhur pasditen e djeshme n\u00eb bypass-in Mbrostar\u2013Levan, pran\u00eb Spitalit Memorial t\u00eb Fierit, ka nd\u00ebrruar jet\u00eb. Indrit Shyti, i cili drejtonte automjetin tip \u201cVolkswagen\u201d, humbi kontrollin rreth or\u00ebs 16:50, n\u00eb af\u00ebrsi t\u00eb mbikalimit t\u00eb Spitalit Memorial, duke dal\u00eb nga rruga. Si pasoj\u00eb e aksidentit mbet\u00ebn t\u00eb [&hellip;]<\/p>\n","protected":false},"author":5,"featured_media":73125,"comment_status":"closed","ping_status":"closed","sticky":false,"template":"","format":"standard","meta":{"footnotes":""},"categories":[1,6332],"tags":[42960,42961],"class_list":{"0":"post-101386","1":"post","2":"type-post","3":"status-publish","4":"format-standard","5":"has-post-thumbnail","7":"category-aktualitet","8":"category-te-fundit","9":"tag-emri-humb-jeten-19-vjecari","10":"tag-smundi-tu-mbijetoje-plageve-te-aksidentit"},"_links":{"self":[{"href":"https:\/\/jugulajm.net\/index.php?rest_route=\/wp\/v2\/posts\/101386","targetHints":{"allow":["GET"]}}],"collection":[{"href":"https:\/\/jugulajm.net\/index.php?rest_route=\/wp\/v2\/posts"}],"about":[{"href":"https:\/\/jugulajm.net\/index.php?rest_route=\/wp\/v2\/types\/post"}],"author":[{"embeddable":true,"href":"https:\/\/jugulajm.net\/index.php?rest_route=\/wp\/v2\/users\/5"}],"replies":[{"embeddable":true,"href":"https:\/\/jugulajm.net\/index.php?rest_route=%2Fwp%2Fv2%2Fcomments&post=101386"}],"version-history":[{"count":1,"href":"https:\/\/jugulajm.net\/index.php?rest_route=\/wp\/v2\/posts\/101386\/revisions"}],"predecessor-version":[{"id":101387,"href":"https:\/\/jugulajm.net\/index.php?rest_route=\/wp\/v2\/posts\/101386\/revisions\/101387"}],"wp:featuredmedia":[{"embeddable":true,"href":"https:\/\/jugulajm.net\/index.php?rest_route=\/wp\/v2\/media\/73125"}],"wp:attachment":[{"href":"https:\/\/jugulajm.net\/index.php?rest_route=%2Fwp%2Fv2%2Fmedia&parent=101386"}],"wp:term":[{"taxonomy":"category","embeddable":true,"href":"https:\/\/jugulajm.net\/index.php?rest_route=%2Fwp%2Fv2%2Fcategories&post=101386"},{"taxonomy":"post_tag","embeddable":true,"href":"https:\/\/jugulajm.net\/index.php?rest_route=%2Fwp%2Fv2%2Ftags&post=101386"}],"curies":[{"name":"wp","href":"https:\/\/api.w.org\/{rel}","templated":true}]}}