{"id":101360,"date":"2026-08-31T19:06:28","date_gmt":"2026-08-31T17:06:28","guid":{"rendered":"https:\/\/jugulajm.net\/?p=101360"},"modified":"2026-08-31T19:06:28","modified_gmt":"2026-08-31T17:06:28","slug":"spak-kerkon-te-sekuestroje-keshtjellen-e-ermal-beqirit-ne-france","status":"publish","type":"post","link":"https:\/\/jugulajm.net\/?p=101360","title":{"rendered":"SPAK k\u00ebrkon t\u00eb sekuestroj\u00eb k\u00ebshtjell\u00ebn e Ermal Beqirit n\u00eb Franc\u00eb"},"content":{"rendered":"<p>Biznesmeni shqiptar Ermal Beqiri \u00ebsht\u00eb kthyer n\u00eb qend\u00ebr t\u00eb v\u00ebmendjes s\u00eb autoriteteve franceze dhe shqiptare pas arrestimit t\u00eb tij n\u00eb Franc\u00eb.<\/p>\n<p>Ai u ndalua pasi fluturoi me nj\u00eb avion t\u00eb vog\u00ebl mbi centralin b\u00ebrthamor t\u00eb Penly, nd\u00ebrsa ndaj tij vijojn\u00eb edhe procedurat p\u00ebr ekstradim drejt Shqip\u00ebris\u00eb, ku \u00ebsht\u00eb n\u00ebn hetim nga SPAK.<\/p>\n<p>Sipas\u00a0<a href=\"https:\/\/www.oisehebdo.fr\/2026\/08\/31\/berneuil-en-bray-albanie-demande-saisie-chateau-auteuil-ermal-beqiri\/\">mediave franceze,<\/a>\u00a0Beqiri u arrestua n\u00eb Albert, n\u00eb departamentin Somme, pasi avioni me t\u00eb cilin po udh\u00ebtonte u pikas nga autoritetet p\u00ebr shkak se kishte zbritur n\u00ebn lart\u00ebsin\u00eb e lejuar gjat\u00eb kalimit mbi centralin b\u00ebrthamor. P\u00ebr k\u00ebt\u00eb shkelje, ai u gjykua me procedur\u00eb t\u00eb p\u00ebrshpejtuar dhe u d\u00ebnua me 7 mij\u00eb euro gjob\u00eb.<\/p>\n<p>Por arrestimi n\u00eb Franc\u00eb nuk \u00ebsht\u00eb e vetmja \u00e7\u00ebshtje q\u00eb e ka v\u00ebn\u00eb biznesmenin shqiptar n\u00eb fokus t\u00eb autoriteteve.<\/p>\n<p><strong>N\u00eb pritje t\u00eb ekstradimit drejt Shqip\u00ebris\u00eb<\/strong><br \/>\nAktualisht, Beqiri ndodhet n\u00eb burgun e Beauvais, nd\u00ebrsa k\u00ebrkesa e tij e par\u00eb p\u00ebr lirim \u00ebsht\u00eb refuzuar. Shkak \u00ebsht\u00eb b\u00ebr\u00eb k\u00ebrkesa e autoriteteve shqiptare p\u00ebr ekstradimin e tij, n\u00eb m\u00ebnyr\u00eb q\u00eb ai t\u00eb p\u00ebrballet edhe me hetimet e SPAK n\u00eb Shqip\u00ebri.<\/p>\n<p>Prokuroria e Posa\u00e7me dyshon p\u00ebr p\u00ebrfshirjen e tij n\u00eb nj\u00eb rrjet kriminal dhe e ka vendosur n\u00ebn mas\u00ebn e siguris\u00eb \u201carrest me burg\u201d. Deri n\u00eb p\u00ebrfundimin e procedurave t\u00eb ekstradimit, ai pritet t\u00eb q\u00ebndroj\u00eb n\u00eb paraburgim n\u00eb Franc\u00eb.<\/p>\n<p>N\u00ebse Beqiri pranon ekstradimin, procedura mund t\u00eb p\u00ebrfundoj\u00eb brenda disa jav\u00ebsh. N\u00eb rast se e kund\u00ebrshton, \u00e7\u00ebshtja do t\u00eb kaloj\u00eb n\u00ebp\u00ebr procedurat gjyq\u00ebsore franceze dhe mund t\u00eb zgjas\u00eb disa muaj.<\/p>\n<p><strong>K\u00ebshtjella n\u00eb veri t\u00eb Parisit<\/strong><br \/>\nParalelisht me procedurat e ekstradimit, n\u00eb Franc\u00eb \u00ebsht\u00eb ngritur edhe \u00e7\u00ebshtja e pasurive t\u00eb biznesmenit shqiptar.<\/p>\n<p>Autoritetet shqiptare kan\u00eb k\u00ebrkuar sekuestrimin e pasurive t\u00eb tij n\u00eb Franc\u00eb, n\u00eb pritje t\u00eb p\u00ebrfundimit t\u00eb procesit gjyq\u00ebsor. Mes tyre \u00ebsht\u00eb edhe nj\u00eb pron\u00eb luksoze n\u00eb Oise, n\u00eb veri t\u00eb Parisit, e bler\u00eb p\u00ebr rreth 2.6 milion\u00eb euro.<\/p>\n<p>B\u00ebhet fjal\u00eb p\u00ebr Ch\u00e2teau d\u2019Auteuil, n\u00eb komun\u00ebn Berneuil-en-Bray, nj\u00eb nd\u00ebrtes\u00eb historike me tulla t\u00eb kuqe q\u00eb prej vitesh ofron akomodim luksoz p\u00ebr vizitor\u00ebt.<\/p>\n<p>Sipas raportimeve, kompleksi rezulton t\u00eb jet\u00eb n\u00eb pron\u00ebsi t\u00eb Beqirit, nd\u00ebrsa kryebashkiaku i Berneuil-en-Bray, Simon Muller, ka konfirmuar se e ka takuar biznesmenin vet\u00ebm nj\u00eb her\u00eb, rast\u00ebsisht.<\/p>\n<p><strong>\u201cNuk mund t\u2019ju p\u00ebrgjigjem\u201d<\/strong><br \/>\nEmri i Beqirit nuk shfaqet n\u00eb m\u00ebnyr\u00eb t\u00eb drejtp\u00ebrdrejt\u00eb n\u00eb materialet promovuese t\u00eb k\u00ebshtjell\u00ebs. Sipas raportimeve, ai gjendet vet\u00ebm n\u00eb t\u00eb dh\u00ebnat ligjore t\u00eb pron\u00ebs.<\/p>\n<p>Gazetar\u00ebt kan\u00eb kontaktuar edhe me administrimin e k\u00ebshtjell\u00ebs p\u00ebr t\u00eb marr\u00eb nj\u00eb koment mbi pron\u00ebsin\u00eb dhe lidhjen me biznesmenin shqiptar. P\u00ebrgjigjja ka qen\u00eb e shkurt\u00ebr.<\/p>\n<p><em>\u201cM\u00eb vjen keq, nuk mund t\u2019ju p\u00ebrgjigjem. Ju uroj nj\u00eb mbr\u00ebmje t\u00eb mir\u00eb\u201d, k<\/em>a th\u00ebn\u00eb gruaja q\u00eb iu p\u00ebrgjigj telefonat\u00ebs, duke refuzuar t\u00eb komentoj\u00eb m\u00eb tej.<\/p>\n<p>Nd\u00ebrkoh\u00eb, n\u00eb komunitetin lokal duket se lidhjet me pronarin e pasuris\u00eb jan\u00eb t\u00eb kufizuara. P\u00ebr banor\u00ebt dhe autoritetet vendore, \u00e7\u00ebshtja \u00ebsht\u00eb b\u00ebr\u00eb e njohur kryesisht p\u00ebrmes zhvillimeve t\u00eb fundit gjyq\u00ebsore.<\/p>\n<p><strong>Si u arrestua biznesmeni shqiptar<\/strong><br \/>\nNgjarja q\u00eb \u00e7oi n\u00eb arrestimin e Beqirit ndodhi n\u00eb fillim t\u00eb gushtit.<\/p>\n<p>Ai ishte nisur me nj\u00eb avion t\u00eb vog\u00ebl privat nga aeroporti i Albertit dhe kishte fluturuar fillimisht drejt zon\u00ebs s\u00eb Calais, pran\u00eb Kanalit Anglez. M\u00eb pas, pasi kishte zbritur n\u00eb Bretanj\u00eb, ishte rikthyer n\u00eb drejtim t\u00eb Normandis\u00eb.<\/p>\n<p>Gjat\u00eb k\u00ebtij fluturimi, avioni u pikas nga forcat ajrore franceze nd\u00ebrsa ndodhej mbi centralin b\u00ebrthamor t\u00eb Penly.<\/p>\n<p>Avioni fluturonte fillimisht n\u00eb nj\u00eb lart\u00ebsi prej rreth 1,200 metrash, por m\u00eb pas Beqiri e uli at\u00eb n\u00ebn kuot\u00ebn e lejuar. Forcat ajrore nd\u00ebrhyn\u00eb dhe e shoq\u00ebruan avionin deri n\u00eb aeroportin e Albertit, ku biznesmeni u arrestua sapo zbriti.<\/p>\n<p>Gjat\u00eb kontrollit, atij iu gjet\u00ebn edhe tre pajisje AirTag, t\u00eb fshehura n\u00eb rroba.<\/p>\n<p>Para autoriteteve franceze, Beqiri ka deklaruar se b\u00ebhej fjal\u00eb p\u00ebr nj\u00eb gabim dhe se n\u00eb momentin kur kaloi mbi centralin b\u00ebrthamor ishte duke folur n\u00eb telefon me n\u00ebn\u00ebn e tij.<\/p>\n<p><strong>7 mij\u00eb euro gjob\u00eb p\u00ebr fluturimin mbi centralin<\/strong><br \/>\nGjykata franceze e d\u00ebnoi me 7 mij\u00eb euro gjob\u00eb p\u00ebr shkeljen e hap\u00ebsir\u00ebs s\u00eb ndaluar.<\/p>\n<p>Por p\u00ebrtej k\u00ebtij d\u00ebnimi, arrestimi i tij n\u00eb Franc\u00eb ka aktivizuar procedurat e ekstradimit, pasi biznesmeni rezulton i k\u00ebrkuar nga autoritetet shqiptare n\u00eb kuad\u00ebr t\u00eb hetimeve t\u00eb SPAK.<\/p>\n<p>SPAK i ka sekuestruar 10 pasuri dhe llogarit\u00eb bankare<br \/>\nN\u00eb Shqip\u00ebri, autoritetet kan\u00eb vendosur m\u00eb her\u00ebt n\u00ebn sekuestro nj\u00eb s\u00ebr\u00eb pasurish q\u00eb lidhen me Beqirin.<\/p>\n<p>Mes tyre jan\u00eb prona n\u00eb Vlor\u00eb, Tiran\u00eb dhe Golem, biznese, automjete, nj\u00eb jaht dhe llogari bankare.<\/p>\n<p>N\u00eb list\u00ebn e pasurive t\u00eb sekuestruara p\u00ebrfshihen truall n\u00eb Green Coast n\u00eb Vlor\u00eb, truall n\u00eb zon\u00ebn \u201cHoxha Tasim\u201d n\u00eb Tiran\u00eb, prona n\u00eb Rolling Hills, nj\u00eb apartament n\u00eb Golem, jahti \u201cSkyfall\u201d, subjekte tregtare, nj\u00eb nj\u00ebsi sh\u00ebrbimi n\u00eb rrug\u00ebn \u201c\u00c7er\u00e7iz Topulli\u201d, automjete dhe motomjete, si dhe llogari bankare n\u00eb em\u00ebr t\u00eb tij dhe subjekteve t\u00eb lidhura.<\/p>\n<p>Sekuestrimi i pasurive \u00ebsht\u00eb kryer n\u00eb kuad\u00ebr t\u00eb procedurave t\u00eb SPAK, i cili dyshon se ato mund t\u00eb ken\u00eb origjin\u00eb kriminale.<\/p>\n<p><strong>N\u00eb t\u00eb nj\u00ebjt\u00ebn dosje me Agasin dhe drejtuesen e AKSHI-t<\/strong><br \/>\nEmri i Ermal Beqirit \u00ebsht\u00eb p\u00ebrfshir\u00eb edhe n\u00eb hetimet e SPAK p\u00ebr procedurat e prokurimit t\u00eb lidhura me AKSHI-n.<\/p>\n<p>N\u00eb kuad\u00ebr t\u00eb k\u00ebsaj dosjeje, SPAK ka k\u00ebrkuar masa sigurie p\u00ebr disa persona, mes tyre biznesmenin Ermal Beqiri, biznesmenin Ergys Agasi dhe drejtuesen e AKSHI-t, Mirlinda K\u00ebr\u00e7anaj.<\/p>\n<p>P\u00ebr K\u00ebr\u00e7anajn \u00ebsht\u00eb caktuar masa \u201carrest n\u00eb sht\u00ebpi\u201d, nd\u00ebrsa p\u00ebr Beqirin dhe Agasin masa \u201carrest me burg\u201d.<\/p>\n<p>N\u00eb dosje jan\u00eb p\u00ebrfshir\u00eb gjithashtu zyrtar\u00eb dhe persona t\u00eb tjer\u00eb, p\u00ebr t\u00eb cil\u00ebt jan\u00eb caktuar masa t\u00eb ndryshme sigurie.<\/p>\n<p><strong>Hetimi p\u00ebr 12 tendera<\/strong><br \/>\nSPAK ka hetuar p\u00ebr nj\u00eb periudh\u00eb t\u00eb gjat\u00eb procedurat e 12 tenderave, p\u00ebr t\u00eb cil\u00ebt dyshohet se jan\u00eb zhvilluar n\u00eb kund\u00ebrshtim me rregullat e prokurimit.<\/p>\n<p>N\u00eb kuad\u00ebr t\u00eb hetimit jan\u00eb ngritur dyshime p\u00ebr grup t\u00eb strukturuar kriminal, shkelje t\u00eb barazis\u00eb n\u00eb tendera, korrupsion, shp\u00ebrdorim detyre dhe pastrim parash.<\/p>\n<p>Hetimet p\u00ebrfshijn\u00eb edhe persona t\u00eb tjer\u00eb q\u00eb dyshohet se kan\u00eb pasur role n\u00eb procedurat e prokurimit dhe n\u00eb marr\u00ebdh\u00ebniet mes kompanive dhe institucioneve shtet\u00ebrore.\u00a0Rasti i Ermal Beqirit tashm\u00eb shtrihet n\u00eb dy vende: n\u00eb Shqip\u00ebri, ku SPAK po heton pasurit\u00eb dhe lidhjet e tij t\u00eb dyshuara me nj\u00eb rrjet kriminal dhe procedurat e tenderave, dhe n\u00eb Franc\u00eb, ku ai u arrestua p\u00ebr shkeljen e hap\u00ebsir\u00ebs ajrore pran\u00eb nj\u00eb centrali b\u00ebrthamor.<\/p>\n<p>N\u00eb pritje t\u00eb vendimit p\u00ebr ekstradimin, n\u00eb Franc\u00eb vijon edhe \u00e7\u00ebshtja e pasurive t\u00eb tij, mes t\u00eb cilave ndodhet edhe k\u00ebshtjella luksoze n\u00eb Oise.<\/p>\n<p>Dy procedura paralele, nj\u00eb biznesmen shqiptar dhe nj\u00eb pasuri prej miliona eurosh q\u00eb tashm\u00eb \u00ebsht\u00eb futur n\u00eb radar\u00ebt e autoriteteve franceze dhe shqiptare.<\/p>\n","protected":false},"excerpt":{"rendered":"<p>Biznesmeni shqiptar Ermal Beqiri \u00ebsht\u00eb kthyer n\u00eb qend\u00ebr t\u00eb v\u00ebmendjes s\u00eb autoriteteve franceze dhe shqiptare pas arrestimit t\u00eb tij n\u00eb Franc\u00eb. Ai u ndalua pasi fluturoi me nj\u00eb avion t\u00eb vog\u00ebl mbi centralin b\u00ebrthamor t\u00eb Penly, nd\u00ebrsa ndaj tij vijojn\u00eb edhe procedurat p\u00ebr ekstradim drejt Shqip\u00ebris\u00eb, ku \u00ebsht\u00eb n\u00ebn hetim nga SPAK. Sipas\u00a0mediave franceze,\u00a0Beqiri u [&hellip;]<\/p>\n","protected":false},"author":5,"featured_media":101361,"comment_status":"closed","ping_status":"closed","sticky":false,"template":"","format":"standard","meta":{"footnotes":""},"categories":[1,6332],"tags":[42952],"class_list":{"0":"post-101360","1":"post","2":"type-post","3":"status-publish","4":"format-standard","5":"has-post-thumbnail","7":"category-aktualitet","8":"category-te-fundit","9":"tag-spak-kerkon-te-sekuestroje-keshtjellen-e-ermal-beqirit-ne-france"},"_links":{"self":[{"href":"https:\/\/jugulajm.net\/index.php?rest_route=\/wp\/v2\/posts\/101360","targetHints":{"allow":["GET"]}}],"collection":[{"href":"https:\/\/jugulajm.net\/index.php?rest_route=\/wp\/v2\/posts"}],"about":[{"href":"https:\/\/jugulajm.net\/index.php?rest_route=\/wp\/v2\/types\/post"}],"author":[{"embeddable":true,"href":"https:\/\/jugulajm.net\/index.php?rest_route=\/wp\/v2\/users\/5"}],"replies":[{"embeddable":true,"href":"https:\/\/jugulajm.net\/index.php?rest_route=%2Fwp%2Fv2%2Fcomments&post=101360"}],"version-history":[{"count":1,"href":"https:\/\/jugulajm.net\/index.php?rest_route=\/wp\/v2\/posts\/101360\/revisions"}],"predecessor-version":[{"id":101362,"href":"https:\/\/jugulajm.net\/index.php?rest_route=\/wp\/v2\/posts\/101360\/revisions\/101362"}],"wp:featuredmedia":[{"embeddable":true,"href":"https:\/\/jugulajm.net\/index.php?rest_route=\/wp\/v2\/media\/101361"}],"wp:attachment":[{"href":"https:\/\/jugulajm.net\/index.php?rest_route=%2Fwp%2Fv2%2Fmedia&parent=101360"}],"wp:term":[{"taxonomy":"category","embeddable":true,"href":"https:\/\/jugulajm.net\/index.php?rest_route=%2Fwp%2Fv2%2Fcategories&post=101360"},{"taxonomy":"post_tag","embeddable":true,"href":"https:\/\/jugulajm.net\/index.php?rest_route=%2Fwp%2Fv2%2Ftags&post=101360"}],"curies":[{"name":"wp","href":"https:\/\/api.w.org\/{rel}","templated":true}]}}