{"id":101357,"date":"2026-08-31T18:00:24","date_gmt":"2026-08-31T16:00:24","guid":{"rendered":"https:\/\/jugulajm.net\/?p=101357"},"modified":"2026-08-31T18:00:24","modified_gmt":"2026-08-31T16:00:24","slug":"berisha-pajiset-me-vize-zbulohet-delegacioni-qe-do-ta-shoqeroje-ne-shba","status":"publish","type":"post","link":"https:\/\/jugulajm.net\/?p=101357","title":{"rendered":"Berisha pajiset me viz\u00eb, zbulohet delegacioni q\u00eb do ta shoq\u00ebroj\u00eb n\u00eb SHBA"},"content":{"rendered":"<p>Kreu i Partis\u00eb Demokratike, Sali Berisha, \u00ebsht\u00eb pajisur me viz\u00eb amerikane dhe pritet t\u00eb udh\u00ebtoj\u00eb jav\u00ebn e ardhshme drejt Shteteve t\u00eb Bashkuara t\u00eb Amerik\u00ebs.<\/p>\n<p>Burime pran\u00eb Partis\u00eb Demokratike b\u00ebjn\u00eb me dije se Berisha \u00ebsht\u00eb njoftuar se ka marr\u00eb viz\u00ebn amerikane p\u00ebr t\u00eb udh\u00ebtuar drejt SHBA-s\u00eb.<\/p>\n<p>T\u00eb nj\u00ebjtat burime konfirmojn\u00eb se kryedemokrati pritet t\u00eb t\u00ebrheq\u00eb pasaport\u00ebn gjat\u00eb paradites s\u00eb nes\u00ebrme pran\u00eb Ambasad\u00ebs s\u00eb Shteteve t\u00eb Bashkuara t\u00eb Amerik\u00ebs n\u00eb Tiran\u00eb.<\/p>\n<p>Sipas informacioneve, udh\u00ebtimi drejt SHBA-s\u00eb pritet t\u00eb zhvillohet jav\u00ebn e ardhshme dhe Berisha nuk do t\u00eb jet\u00eb i vet\u00ebm. Me t\u00eb pritet t\u00eb udh\u00ebtojn\u00eb edhe kryetari i Partis\u00eb Republikane, Fatmir Mediu, deputet\u00ebt Belind K\u00eblli\u00e7i dhe Albana Vokshi, si dhe Enri Ceno, ekspert p\u00ebr marr\u00ebdh\u00ebniet nd\u00ebrkomb\u00ebtare n\u00eb Partin\u00eb Demokratike.<\/p>\n<p>Sipas deklarimeve t\u00eb Berish\u00ebs, destinacioni i parashikuar i vizit\u00ebs \u00ebsht\u00eb Teksasi, ku kreu i PD-s\u00eb synon t\u00eb marr\u00eb pjes\u00eb n\u00eb nj\u00eb konferenc\u00eb t\u00eb republikan\u00ebve amerikan\u00eb, si pjes\u00eb e nj\u00eb delegacioni t\u00eb Unionit Demokratik Nd\u00ebrkomb\u00ebtar.<\/p>\n","protected":false},"excerpt":{"rendered":"<p>Kreu i Partis\u00eb Demokratike, Sali Berisha, \u00ebsht\u00eb pajisur me viz\u00eb amerikane dhe pritet t\u00eb udh\u00ebtoj\u00eb jav\u00ebn e ardhshme drejt Shteteve t\u00eb Bashkuara t\u00eb Amerik\u00ebs. Burime pran\u00eb Partis\u00eb Demokratike b\u00ebjn\u00eb me dije se Berisha \u00ebsht\u00eb njoftuar se ka marr\u00eb viz\u00ebn amerikane p\u00ebr t\u00eb udh\u00ebtuar drejt SHBA-s\u00eb. T\u00eb nj\u00ebjtat burime konfirmojn\u00eb se kryedemokrati pritet t\u00eb t\u00ebrheq\u00eb pasaport\u00ebn [&hellip;]<\/p>\n","protected":false},"author":5,"featured_media":98510,"comment_status":"closed","ping_status":"closed","sticky":false,"template":"","format":"standard","meta":{"footnotes":""},"categories":[6326,6332],"tags":[42950,42951],"class_list":{"0":"post-101357","1":"post","2":"type-post","3":"status-publish","4":"format-standard","5":"has-post-thumbnail","7":"category-politike","8":"category-te-fundit","9":"tag-berisha-pajiset-me-vize","10":"tag-zbulohet-delegacioni-qe-do-ta-shoqeroje-ne-shba"},"_links":{"self":[{"href":"https:\/\/jugulajm.net\/index.php?rest_route=\/wp\/v2\/posts\/101357","targetHints":{"allow":["GET"]}}],"collection":[{"href":"https:\/\/jugulajm.net\/index.php?rest_route=\/wp\/v2\/posts"}],"about":[{"href":"https:\/\/jugulajm.net\/index.php?rest_route=\/wp\/v2\/types\/post"}],"author":[{"embeddable":true,"href":"https:\/\/jugulajm.net\/index.php?rest_route=\/wp\/v2\/users\/5"}],"replies":[{"embeddable":true,"href":"https:\/\/jugulajm.net\/index.php?rest_route=%2Fwp%2Fv2%2Fcomments&post=101357"}],"version-history":[{"count":1,"href":"https:\/\/jugulajm.net\/index.php?rest_route=\/wp\/v2\/posts\/101357\/revisions"}],"predecessor-version":[{"id":101358,"href":"https:\/\/jugulajm.net\/index.php?rest_route=\/wp\/v2\/posts\/101357\/revisions\/101358"}],"wp:featuredmedia":[{"embeddable":true,"href":"https:\/\/jugulajm.net\/index.php?rest_route=\/wp\/v2\/media\/98510"}],"wp:attachment":[{"href":"https:\/\/jugulajm.net\/index.php?rest_route=%2Fwp%2Fv2%2Fmedia&parent=101357"}],"wp:term":[{"taxonomy":"category","embeddable":true,"href":"https:\/\/jugulajm.net\/index.php?rest_route=%2Fwp%2Fv2%2Fcategories&post=101357"},{"taxonomy":"post_tag","embeddable":true,"href":"https:\/\/jugulajm.net\/index.php?rest_route=%2Fwp%2Fv2%2Ftags&post=101357"}],"curies":[{"name":"wp","href":"https:\/\/api.w.org\/{rel}","templated":true}]}}