{"id":101352,"date":"2026-08-31T14:04:42","date_gmt":"2026-08-31T12:04:42","guid":{"rendered":"https:\/\/jugulajm.net\/?p=101352"},"modified":"2026-08-31T14:08:08","modified_gmt":"2026-08-31T12:08:08","slug":"37-vjecarja-shtatzane-nderroi-jete-flet-motra-po-te-ishim-nisur-me-heret-do-kishte-shpetuar","status":"publish","type":"post","link":"https:\/\/jugulajm.net\/?p=101352","title":{"rendered":"37-vje\u00e7arja shtatzan\u00eb nd\u00ebrroi jet\u00eb, flet motra: Po t\u00eb ishim nisur m\u00eb her\u00ebt do kishte shp\u00ebtuar&#8230;"},"content":{"rendered":"<p class=\"wp-block-paragraph\">Detaje t\u00eb reja jan\u00eb zbardhur n\u00eb lidhje me ngjarjen e r\u00ebnd\u00eb t\u00eb ndodhur n\u00eb Pogradec, ku 37-vje\u00e7arja shtatz\u00ebn\u00eb, Marjana Karolina Bunaj, ka humbur jet\u00ebn teksa po transportohej drejt Tiran\u00ebs p\u00ebr ndihm\u00eb t\u00eb specializuar mjek\u00ebsore.<\/p>\n<p class=\"wp-block-paragraph\">N\u00eb nj\u00eb intervist\u00eb p\u00ebr gazetarin Osman Stafa, ka folur motra e saj, Albina Mekolli, e cila e kishte d\u00ebrguar n\u00eb spital pasi ajo kishte dhimbje t\u00eb forta barku. Ajo ka rr\u00ebfyer mes lot\u00ebsh momentet e v\u00ebshtira kur e \u00e7oi t\u00eb motr\u00ebn n\u00eb spital. Gjendja e gruas ishte tep\u00ebr e r\u00ebnd\u00eb dhe ajo duhet t\u00eb transportohej drejt Tiran\u00ebs.<\/p>\n<p class=\"wp-block-paragraph\">\u201cN\u00eb or\u00ebn 12 m\u00eb merr n\u00eb telefon dhe m\u00eb tha: Eja se kam dhimbje t\u00eb forta barku. Shkova shum\u00eb shpejt sepse jemi af\u00ebr. E \u00e7ova n\u00eb maternitet sepse ishte shtatz\u00ebn\u00eb. Mjekja roje i b\u00ebri nj\u00eb vizit\u00eb, nj\u00eb eko dhe tha se ka nj\u00eb gjakderdhje t\u00eb brendshme. D\u00ebgjova q\u00eb po thonin helikopterin, por u shpreh\u00ebn se nuk vjen dot sepse \u00ebsht\u00eb nat\u00eb\u201d, rr\u00ebfeu Albina.<\/p>\n<p class=\"wp-block-paragraph\">M\u00eb tej, sipas d\u00ebshmis\u00eb s\u00eb saj, Marjana u d\u00ebrgua te reanimacioni, nd\u00ebrsa familjar\u00ebt pretendojn\u00eb se pati vonesa p\u00ebrpara nisjes me ambulanc\u00eb drejt Tiran\u00ebs. Ajo beson se nj\u00eb nd\u00ebrhyrje apo transport m\u00eb i shpejt\u00eb mund t\u00eb kishte ndryshuar fatin e motr\u00ebs s\u00eb saj.<\/p>\n<p class=\"wp-block-paragraph\">\u201cMjekja foli me dik\u00eb dhe erdh\u00ebn mjek\u00ebt e reanimacionit, e d\u00ebrguan atje dhe pati vonesa. Me ambulanc\u00eb e nis\u00ebn pas or\u00ebs 4 t\u00eb m\u00ebngjesit. N\u00eb Pogradec nuk iu b\u00eb asnj\u00eb nd\u00ebrhyrje kirurgjikale. N\u00eb tre or\u00eb i vun\u00eb vigon\u00eb p\u00ebr serume dhe gjak. N\u00ebse do t\u00eb ishim nisur pak m\u00eb par\u00eb, do t\u00eb m\u00eb kishte shp\u00ebtuar motra t\u00eb pakt\u00ebn, sepse mbase f\u00ebmija nuk do t\u00eb kishte shp\u00ebtuar. Mbase n\u00ebse arrinim m\u00eb her\u00ebt n\u00eb Tiran\u00eb do t\u00eb shp\u00ebtonte\u201d,-tha ajo.<\/p>\n<p class=\"wp-block-paragraph\">Familjar\u00ebt kan\u00eb k\u00ebrkuar hetim t\u00eb plot\u00eb p\u00ebr t\u00eb p\u00ebrcaktuar n\u00ebse vonesat kan\u00eb ndikuar n\u00eb p\u00ebrkeq\u00ebsimin e gjendjes s\u00eb 37-vje\u00e7ares dhe n\u00eb humbjen e jet\u00ebs s\u00eb saj.<\/p>\n<p class=\"wp-block-paragraph\">\u201cK\u00ebrkoj drejt\u00ebsi, t\u00eb zbardhet e v\u00ebrteta, a nd\u00ebrroi jet\u00eb nga pakujdesia apo jo. Un\u00eb besoj q\u00eb n\u00ebse do t\u00eb kishte m\u00eb shum\u00eb shpejt\u00ebsi, sot do t\u00eb ishte mes nesh\u201d, u shpreh motra e Marjana Karolina Bunajt.<\/p>\n<p class=\"wp-block-paragraph\">Sipas familjar\u00ebve, bashk\u00ebshorti i 37-vje\u00e7ares ishte larguar drejt Shteteve t\u00eb Bashkuara t\u00eb Amerik\u00ebs vet\u00ebm tre dit\u00eb para ngjarjes, me synimin p\u00ebr t\u00eb realizuar bashkimin familjar. F\u00ebmija q\u00eb Marjana priste ishte i pari p\u00ebr \u00e7iftin.<\/p>\n","protected":false},"excerpt":{"rendered":"<p>Detaje t\u00eb reja jan\u00eb zbardhur n\u00eb lidhje me ngjarjen e r\u00ebnd\u00eb t\u00eb ndodhur n\u00eb Pogradec, ku 37-vje\u00e7arja shtatz\u00ebn\u00eb, Marjana Karolina Bunaj, ka humbur jet\u00ebn teksa po transportohej drejt Tiran\u00ebs p\u00ebr ndihm\u00eb t\u00eb specializuar mjek\u00ebsore. N\u00eb nj\u00eb intervist\u00eb p\u00ebr gazetarin Osman Stafa, ka folur motra e saj, Albina Mekolli, e cila e kishte d\u00ebrguar n\u00eb spital [&hellip;]<\/p>\n","protected":false},"author":5,"featured_media":101353,"comment_status":"closed","ping_status":"closed","sticky":false,"template":"","format":"standard","meta":{"footnotes":""},"categories":[1,6332],"tags":[42947,42949,42948],"class_list":{"0":"post-101352","1":"post","2":"type-post","3":"status-publish","4":"format-standard","5":"has-post-thumbnail","7":"category-aktualitet","8":"category-te-fundit","9":"tag-37-vjecarja-shtatzane-nderroi-jete","10":"tag-do-kishte-shpetuar","11":"tag-flet-motra-po-te-ishim-nisur-me-heret"},"_links":{"self":[{"href":"https:\/\/jugulajm.net\/index.php?rest_route=\/wp\/v2\/posts\/101352","targetHints":{"allow":["GET"]}}],"collection":[{"href":"https:\/\/jugulajm.net\/index.php?rest_route=\/wp\/v2\/posts"}],"about":[{"href":"https:\/\/jugulajm.net\/index.php?rest_route=\/wp\/v2\/types\/post"}],"author":[{"embeddable":true,"href":"https:\/\/jugulajm.net\/index.php?rest_route=\/wp\/v2\/users\/5"}],"replies":[{"embeddable":true,"href":"https:\/\/jugulajm.net\/index.php?rest_route=%2Fwp%2Fv2%2Fcomments&post=101352"}],"version-history":[{"count":3,"href":"https:\/\/jugulajm.net\/index.php?rest_route=\/wp\/v2\/posts\/101352\/revisions"}],"predecessor-version":[{"id":101356,"href":"https:\/\/jugulajm.net\/index.php?rest_route=\/wp\/v2\/posts\/101352\/revisions\/101356"}],"wp:featuredmedia":[{"embeddable":true,"href":"https:\/\/jugulajm.net\/index.php?rest_route=\/wp\/v2\/media\/101353"}],"wp:attachment":[{"href":"https:\/\/jugulajm.net\/index.php?rest_route=%2Fwp%2Fv2%2Fmedia&parent=101352"}],"wp:term":[{"taxonomy":"category","embeddable":true,"href":"https:\/\/jugulajm.net\/index.php?rest_route=%2Fwp%2Fv2%2Fcategories&post=101352"},{"taxonomy":"post_tag","embeddable":true,"href":"https:\/\/jugulajm.net\/index.php?rest_route=%2Fwp%2Fv2%2Ftags&post=101352"}],"curies":[{"name":"wp","href":"https:\/\/api.w.org\/{rel}","templated":true}]}}